{"id":1014,"date":"2020-06-22T01:21:06","date_gmt":"2020-06-22T04:21:06","guid":{"rendered":"https:\/\/consmardelplata.esteri.it\/news\/dal_consolato\/2020\/06\/conferenza-tematica-del-consorzio-2\/"},"modified":"2020-06-22T01:21:06","modified_gmt":"2020-06-22T04:21:06","slug":"conferenza-tematica-del-consorzio-2","status":"publish","type":"post","link":"https:\/\/consmardelplata.esteri.it\/es\/news\/dal_consolato\/2020\/06\/conferenza-tematica-del-consorzio-2\/","title":{"rendered":"Jornada tem\u00e1tica del Consorcio Universitario Italiano para la Argentina (CUIA)"},"content":{"rendered":"<p style=\"text-align: justify;\">El lunes 22 de junio de 2020, a las 10h (argentina) \u2013 15 h (italiana), el CUIA organiza un encuentro en modalidad virtual para presentar las manifestaciones de inter\u00e9s y propuestas en el \u00e1mbito de las Escuelas en Patrimonio Cultural (PACU) y en Estudios Europeos e Integraci\u00f3n Regional (SEIR), recibidas de instituciones acad\u00e9micas argentinas en respuesta a la convocatoria del CUIA lanzada el pasado 4 de junio.<\/p>\n<p style=\"text-align: justify;\">Se trata de un encuentro abierto al p\u00fablico.<\/p>\n<p style=\"text-align: justify;\">Link al webinar:\u00a0<a href=\"https:\/\/unicam.webex.com\/meet\/flavio.corradini\" target=\"_self\" rel=\"noopener\">https:\/\/unicam.webex.com\/meet\/flavio.corradini<\/a><\/p>\n","protected":false},"excerpt":{"rendered":"El lunes 22 de junio de 2020, a las 10h (argentina) \u2013 15 h (italiana), el CUIA organiza un encuentro en modalidad virtual para presentar las manifestaciones de inter\u00e9s y propuestas en el \u00e1mbito de las Escuelas en Patrimonio Cultural (PACU) y en Estudios Europeos e Integraci\u00f3n Regional (SEIR), recibidas de instituciones acad\u00e9micas argentinas en [&hellip;]","protected":false},"author":1,"featured_media":0,"comment_status":"","ping_status":"","sticky":false,"template":"","format":"standard","meta":{"footnotes":""},"tags":[],"class_list":["post-1014","post","type-post","status-publish","format-standard","hentry"],"_links":{"self":[{"href":"https:\/\/consmardelplata.esteri.it\/es\/wp-json\/wp\/v2\/posts\/1014","targetHints":{"allow":["GET"]}}],"collection":[{"href":"https:\/\/consmardelplata.esteri.it\/es\/wp-json\/wp\/v2\/posts"}],"about":[{"href":"https:\/\/consmardelplata.esteri.it\/es\/wp-json\/wp\/v2\/types\/post"}],"author":[{"embeddable":true,"href":"https:\/\/consmardelplata.esteri.it\/es\/wp-json\/wp\/v2\/users\/1"}],"replies":[{"embeddable":true,"href":"https:\/\/consmardelplata.esteri.it\/es\/wp-json\/wp\/v2\/comments?post=1014"}],"version-history":[{"count":0,"href":"https:\/\/consmardelplata.esteri.it\/es\/wp-json\/wp\/v2\/posts\/1014\/revisions"}],"wp:attachment":[{"href":"https:\/\/consmardelplata.esteri.it\/es\/wp-json\/wp\/v2\/media?parent=1014"}],"wp:term":[{"taxonomy":"post_tag","embeddable":true,"href":"https:\/\/consmardelplata.esteri.it\/es\/wp-json\/wp\/v2\/tags?post=1014"}],"curies":[{"name":"wp","href":"https:\/\/api.w.org\/{rel}","templated":true}]}}