{"id":1016,"date":"2020-06-17T15:02:46","date_gmt":"2020-06-17T18:02:46","guid":{"rendered":"https:\/\/consmardelplata.esteri.it\/news\/dal_consolato\/2020\/06\/concerto-live-streaming-di-tosca-2\/"},"modified":"2020-06-17T15:02:46","modified_gmt":"2020-06-17T18:02:46","slug":"concerto-live-streaming-di-tosca-2","status":"publish","type":"post","link":"https:\/\/consmardelplata.esteri.it\/es\/news\/dal_consolato\/2020\/06\/concerto-live-streaming-di-tosca-2\/","title":{"rendered":"Concierto Live Streaming de TOSCA: 21 de junio de 2020, a las 18h (Argentina) abierto al p\u00fablico"},"content":{"rendered":"<p><img loading=\"lazy\" decoding=\"async\" src=\"resource\/img\/2020\/06\/toscafocus21giugno.jpg\" alt=\"toscafocus21giugno\" width=\"700\" height=\"525\" \/><\/p>\n<p><img loading=\"lazy\" decoding=\"async\" src=\"resource\/img\/2020\/06\/caras_finito_2.jpg\" alt=\"caras finito 2\" width=\"700\" height=\"233\" \/><\/p>\n<p style=\"text-align: justify;\">En el marco de nuestro nuevo ciclo virtual<strong> \u201cCARAsdeITALIA\u201d<\/strong> y del ya conocido ciclo \u201cITALIA XXI\u201d tenemos el agrado de invitarlos al <strong>concierto en streaming de la famosa cantante italiana Tosca, el domingo 21 de junio, a las 18h.<\/strong><\/p>\n<p style=\"text-align: justify;\">Un evento cultural, abierto al p\u00fablico y gratuito, que une a Italia y Argentina a pesar de la pandemia. Una nueva aventura digital que podr\u00e1 ser apreciada en todo el mundo como s\u00edmbolo de la resistencia del arte frente al actual momento porque &#8230;#LaCulturaNoSeDetiene.<\/p>\n<p style=\"text-align: justify;\">Un evento organizado por el <em>Istituto Italiano di Cultura<\/em> y el Teatro Coliseo, curadores y productores de ITALIAXXI, junto a esta Embajada, el Consulado General de Italia en Buenos Aires, el Consulado General de Italia en C\u00f3rdoba, <em>el Istituto Italiano di Cultura di Cordoba<\/em>, y el Ente Italiano del Turismo Italiano, para dar vida a un evento para un p\u00fablico m\u00e1s amplio que el habitual, que agrupa a toda la comunidad italiana y a todo el p\u00fablico argentino.<\/p>\n<p style=\"text-align: justify;\">El concierto de Tosca ser\u00e1 precedido por un encuentro con los principales representantes de las instituciones involucradas:<\/p>\n<p style=\"text-align: justify;\">\u2022 <strong>Giuseppe Manzo<\/strong>, Embajador de Italia en Argentina.<\/p>\n<p style=\"text-align: justify;\">\u2022 <strong>Marco Petacco<\/strong>, C\u00f3nsul General de Italia en Buenos Aires.<\/p>\n<p style=\"text-align: justify;\">\u2022 <strong>Tiberio Schmidlin<\/strong>, C\u00f3nsul General de Italia en C\u00f3rdoba.<\/p>\n<p style=\"text-align: justify;\">\u2022 <strong>Donatella Cannova<\/strong>, Directora del Istituto Italiano di Cultura en Buenos Aires.<\/p>\n<p style=\"text-align: justify;\">\u2022<strong> Elisabetta Riva<\/strong>, Directora del Teatro Coliseo.<\/p>\n<p style=\"text-align: justify;\">\u00a0<\/p>\n<p style=\"text-align: center;\"><strong>EL SHOW: TOSCA<\/strong><\/p>\n<p style=\"text-align: justify;\">Una artista con una enorme y ecl\u00e9ctica trayectoria. Cantante, actriz, performer, quien adem\u00e1s de su carrera como solista ha colaborado con otros grandes artistas italianos e internacionales, como Nicola Piovani, Ennio Morricone, Chico Buarque, Ivan Lins, y tantos otros.<\/p>\n<p style=\"text-align: justify;\">En este show se exhibir\u00e1 junto a:<\/p>\n<p style=\"text-align: justify;\">\u2022 Massimo De Lorenzi, guitarra.<\/p>\n<p style=\"text-align: justify;\">\u2022 Giovanna Famulari, violonchelo.<\/p>\n<p style=\"text-align: justify;\">\u2022 Alessia Salvucci, percusi\u00f3n.<\/p>\n<p style=\"text-align: justify;\">\u2022 Fabia Salvucci, coro (voz).<\/p>\n<p style=\"text-align: center;\"><strong>\u00bfC\u00d3MO SEGUIR LA TRANSMISI\u00d3N?<\/strong><\/p>\n<p style=\"text-align: center;\">Conect\u00e1ndote a las 18h del d\u00eda domingo 21 de junio en las redes del Instituto Italiano de Cultura:<\/p>\n<p style=\"text-align: center;\"><strong>Facebook:<\/strong> <a href=\"https:\/\/www.facebook.com\/iicbue\/\" target=\"_self\" rel=\"noopener\">https:\/\/www.facebook.com\/iicbue\/<\/a><\/p>\n<p style=\"text-align: center;\"><strong>YouTube<\/strong>:<a href=\"https:\/\/www.youtube.com\/channel\/UCgHJY5RTRdu3r-mO56bY0Xg\" target=\"_blank\" rel=\"noopener\"> https:\/\/www.youtube.com\/channel\/UCgHJY5RTRdu3r-mO56bY0Xg<\/a><\/p>\n<p style=\"text-align: center;\">\u00a0<\/p>\n<p style=\"text-align: justify;\"><strong>TOSCA:<\/strong> Cantante, actriz, artista ecl\u00e9ctica con una propensi\u00f3n innata a la investigaci\u00f3n y la experimentaci\u00f3n. De esta versatilidad, nacen varios proyectos especiales: \u00abRomana &#8211; Homenaje a Gabriella Ferri\u00bb, \u00abSto Core Mio &#8211; Nocturno Napolitano por Roberto Murolo\u00bb, \u00abAppunti Musicali dal Mondo\u00bb.<\/p>\n<p style=\"text-align: justify;\">Colabora a lo largo de los a\u00f1os con los mejores artistas italianos e internacionales: Ivano Fossati, Nicola Piovani, Ennio Morricone, Chico Buarque, Ivan Lins, Riccardo Cocciante, Lucio Dalla, Renzo Arbore, Renato Zero y Ron con quienes gan\u00f3 el Festival de San Remo en 1996.<\/p>\n<p style=\"text-align: justify;\">Gan\u00f3 el Targa Tenco en la categor\u00eda de mejor int\u00e9rprete con el \u00e1lbum \u00abIncontri e Passaggi\u00bb en 1997, y por el mejor \u00e1lbum en el proyecto \u00abViaggio in Italia\u00bb con el colectivo Adoriza en 2019.<\/p>\n<p style=\"text-align: justify;\">Desde ese mismo a\u00f1o, Tosca es la int\u00e9rprete \/ dio su voz para la canci\u00f3n de Nicola Piovani \u00abL\u2019invenzione di un poeta\u00bb, nominada para el David di Donatello 2019 en la categor\u00eda \u00abMejor canci\u00f3n original\u00bb.<\/p>\n<p style=\"text-align: justify;\">Tiene nueve discos de estudio y seis discos teatrales en su haber.<\/p>\n<p style=\"text-align: justify;\">En los \u00faltimos tres a\u00f1os ha recorrido el mundo con su show (Argelia, T\u00fanez, Brasil, Francia y Portugal).<\/p>\n<p style=\"text-align: justify;\"><img loading=\"lazy\" decoding=\"async\" src=\"resource\/img\/2020\/06\/caras-de-italia-entrega-28mayo-03_-_baja.jpg\" alt=\"caras de italia entrega 28mayo 03 baja\" width=\"700\" height=\"394\" \/><\/p>\n","protected":false},"excerpt":{"rendered":"En el marco de nuestro nuevo ciclo virtual \u201cCARAsdeITALIA\u201d y del ya conocido ciclo \u201cITALIA XXI\u201d tenemos el agrado de invitarlos al concierto en streaming de la famosa cantante italiana Tosca, el domingo 21 de junio, a las 18h. Un evento cultural, abierto al p\u00fablico y gratuito, que une a Italia y Argentina a pesar [&hellip;]","protected":false},"author":1,"featured_media":0,"comment_status":"","ping_status":"","sticky":false,"template":"","format":"standard","meta":{"footnotes":""},"tags":[],"class_list":["post-1016","post","type-post","status-publish","format-standard","hentry"],"_links":{"self":[{"href":"https:\/\/consmardelplata.esteri.it\/es\/wp-json\/wp\/v2\/posts\/1016","targetHints":{"allow":["GET"]}}],"collection":[{"href":"https:\/\/consmardelplata.esteri.it\/es\/wp-json\/wp\/v2\/posts"}],"about":[{"href":"https:\/\/consmardelplata.esteri.it\/es\/wp-json\/wp\/v2\/types\/post"}],"author":[{"embeddable":true,"href":"https:\/\/consmardelplata.esteri.it\/es\/wp-json\/wp\/v2\/users\/1"}],"replies":[{"embeddable":true,"href":"https:\/\/consmardelplata.esteri.it\/es\/wp-json\/wp\/v2\/comments?post=1016"}],"version-history":[{"count":0,"href":"https:\/\/consmardelplata.esteri.it\/es\/wp-json\/wp\/v2\/posts\/1016\/revisions"}],"wp:attachment":[{"href":"https:\/\/consmardelplata.esteri.it\/es\/wp-json\/wp\/v2\/media?parent=1016"}],"wp:term":[{"taxonomy":"post_tag","embeddable":true,"href":"https:\/\/consmardelplata.esteri.it\/es\/wp-json\/wp\/v2\/tags?post=1016"}],"curies":[{"name":"wp","href":"https:\/\/api.w.org\/{rel}","templated":true}]}}