{"id":1019,"date":"2020-06-11T15:11:06","date_gmt":"2020-06-11T18:11:06","guid":{"rendered":"https:\/\/consmardelplata.esteri.it\/news\/dal_consolato\/2020\/06\/l-ambasciata-d-italia-presenta-2\/"},"modified":"2020-06-11T15:11:06","modified_gmt":"2020-06-11T18:11:06","slug":"l-ambasciata-d-italia-presenta-2","status":"publish","type":"post","link":"https:\/\/consmardelplata.esteri.it\/es\/news\/dal_consolato\/2020\/06\/l-ambasciata-d-italia-presenta-2\/","title":{"rendered":"La Embajada de Italia presenta: \u00abCARAsdeITALIA\u00bb, un ciclo virtual de arte, cultura y ciencia."},"content":{"rendered":"<p style=\"text-align: justify;\"><img loading=\"lazy\" decoding=\"async\" src=\"resource\/img\/2020\/06\/caras-de-italia-entrega-28mayo-03_-_baja.jpg\" alt=\"caras de italia entrega 28mayo 03 baja\" width=\"700\" height=\"394\" \/><\/p>\n<p style=\"text-align: justify;\">La Embajada de Italia tiene el agrado de presentarles el nuevo ciclo de arte, cultura y ciencia, <strong>\u201cCARAsdeITALIA\u201d<\/strong>.<br \/>Un ciclo pensado principalmente para ser disfrutado desde nuestros hogares. Un recorrido junto a los protagonistas que han hecho historia en el campo de la ciencia, el teatro, la tecnolog\u00eda, la escultura, en Italia, y en el mundo.<\/p>\n<p style=\"text-align: justify;\">Un encuentro con Federico Fellini, Leonardo da Vinci, Raffaello Sanzio, Maria Lai, Bruna Esposito, Clorindo Testa, Tosca, Gianni Rodari, Alberto Sordi, entre otras personalidades emblem\u00e1ticas, cuyas historias contaremos a trav\u00e9s de todos nuestros canales virtuales, a la espera de un nuevo encuentro f\u00edsico en museos, teatros, cines y aulas.<\/p>\n<p style=\"text-align: justify;\">\u00abCARAsdeITALIA\u00bb ofrece un calendario de exposiciones, conferencias, seminarios, historias y espect\u00e1culos presentados en sitios web y canales sociales para ilustrar la capacidad, interpretada por artistas, empresarios y protagonistas de \u00abser, pensar y crear a la manera italiana\u00bb.<\/p>\n<p style=\"text-align: justify;\">Para ver el ciclo <strong>CARAS de ITALIA<\/strong> ingresar <a href=\"https:\/\/ambbuenosaires.esteri.it\/ambasciata_Buenosaires\/es\/ambasciata\/news\/caras-de-italia.html\" target=\"_self\" rel=\"noopener\"><strong>aqu\u00ed<\/strong><\/a><\/p>\n<p style=\"text-align: justify;\">\u00a0<\/p>\n","protected":false},"excerpt":{"rendered":"La Embajada de Italia tiene el agrado de presentarles el nuevo ciclo de arte, cultura y ciencia, \u201cCARAsdeITALIA\u201d.Un ciclo pensado principalmente para ser disfrutado desde nuestros hogares. Un recorrido junto a los protagonistas que han hecho historia en el campo de la ciencia, el teatro, la tecnolog\u00eda, la escultura, en Italia, y en el mundo. [&hellip;]","protected":false},"author":1,"featured_media":0,"comment_status":"","ping_status":"","sticky":false,"template":"","format":"standard","meta":{"footnotes":""},"tags":[],"class_list":["post-1019","post","type-post","status-publish","format-standard","hentry"],"_links":{"self":[{"href":"https:\/\/consmardelplata.esteri.it\/es\/wp-json\/wp\/v2\/posts\/1019","targetHints":{"allow":["GET"]}}],"collection":[{"href":"https:\/\/consmardelplata.esteri.it\/es\/wp-json\/wp\/v2\/posts"}],"about":[{"href":"https:\/\/consmardelplata.esteri.it\/es\/wp-json\/wp\/v2\/types\/post"}],"author":[{"embeddable":true,"href":"https:\/\/consmardelplata.esteri.it\/es\/wp-json\/wp\/v2\/users\/1"}],"replies":[{"embeddable":true,"href":"https:\/\/consmardelplata.esteri.it\/es\/wp-json\/wp\/v2\/comments?post=1019"}],"version-history":[{"count":0,"href":"https:\/\/consmardelplata.esteri.it\/es\/wp-json\/wp\/v2\/posts\/1019\/revisions"}],"wp:attachment":[{"href":"https:\/\/consmardelplata.esteri.it\/es\/wp-json\/wp\/v2\/media?parent=1019"}],"wp:term":[{"taxonomy":"post_tag","embeddable":true,"href":"https:\/\/consmardelplata.esteri.it\/es\/wp-json\/wp\/v2\/tags?post=1019"}],"curies":[{"name":"wp","href":"https:\/\/api.w.org\/{rel}","templated":true}]}}