{"id":1021,"date":"2020-06-09T15:19:12","date_gmt":"2020-06-09T18:19:12","guid":{"rendered":"https:\/\/consmardelplata.esteri.it\/news\/dal_consolato\/2020\/06\/live-streaming-su-raffaello-12-2\/"},"modified":"2020-06-09T15:19:12","modified_gmt":"2020-06-09T18:19:12","slug":"live-streaming-su-raffaello-12-2","status":"publish","type":"post","link":"https:\/\/consmardelplata.esteri.it\/es\/news\/dal_consolato\/2020\/06\/live-streaming-su-raffaello-12-2\/","title":{"rendered":"Live Streaming sobre el artista italiano Raffaello &#8211; 12 de junio de 2020, a las 15h (Argentina) \/ 20h (Italia) abierto al p\u00fablico"},"content":{"rendered":"<p><img loading=\"lazy\" decoding=\"async\" src=\"resource\/img\/2020\/06\/caras_flyer.jpg\" alt=\"caras flyer\" width=\"750\" height=\"422\" \/><\/p>\n<p style=\"text-align: justify;\">En el marco del ciclo <strong>\u00abCARAS DE ITALIA\u00bb<\/strong>, para celebrar los 500 a\u00f1os desde la muerte de Raffaello, la Embajada de Italia los invita a la charla virtual <strong>\u201cRaffaello e la sua bottega: la Loggia digitale di Amore e Psiche in Villa Farnesina\u201d.<\/strong><\/p>\n<p style=\"text-align: justify;\"><img loading=\"lazy\" decoding=\"async\" src=\"resource\/img\/2020\/06\/caras_flyer_webinar_bottega.jpg\" alt=\"caras flyer webinar bottega\" width=\"350\" height=\"219\" \/><\/p>\n<p style=\"text-align: justify;\">Tres destacados oradores acompa\u00f1ar\u00e1n al p\u00fablico en un recorrido para conocer la Villa Farnesina, un edificio ubicado en Roma, donde se encuentran extraordinarios frescos pintados por el c\u00e9lebre pintor de Urbino y por algunos artistas de su escuela.<\/p>\n<p style=\"text-align: justify;\">La actividad es <strong>abierta al p\u00fablico y gratuita<\/strong> y se llevar\u00e1 a cabo tanto en idioma espa\u00f1ol (se dispondr\u00e1 de un int\u00e9rprete para la ocasi\u00f3n) como en idioma original (italiano y espa\u00f1ol seg\u00fan quien est\u00e9 exponiendo).<\/p>\n<p style=\"text-align: justify;\">Se podr\u00e1 participar del evento a partir de los siguientes links:<\/p>\n<p style=\"text-align: justify;\"><strong>versi\u00f3n original, en italiano y espa\u00f1ol: <a href=\"https:\/\/youtu.be\/oeTdnQyt67c\" target=\"_blank\" rel=\"noopener\">aqu\u00ed<\/a><\/strong><\/p>\n<p style=\"text-align: justify;\"><strong>versi\u00f3n con traducci\u00f3n simult\u00e1nea en espa\u00f1ol: <a href=\"https:\/\/youtu.be\/dDpbR-1Vbcw\" target=\"_blank\" rel=\"noopener\">aqu\u00ed<\/a><\/strong><\/p>\n<p style=\"text-align: justify;\">\u00a0<\/p>\n<p style=\"text-align: justify;\"><strong>A continuaci\u00f3n, el programa<\/strong>:<\/p>\n<p style=\"text-align: justify;\">15.00hs: Introducci\u00f3n al webinar por el moderador: Pietro Paolo Proto, Primer Secretario Embajada de Italia;<\/p>\n<p style=\"text-align: justify;\">15.05hs: Palabras de bienvenida del Embajador de Italia en Buenos Aires, Giuseppe Manzo;<\/p>\n<p style=\"text-align: justify;\">15.10hs: Prof.ra Virginia Lapenta, Curadora de Villa Farnesina (en directo desde Italia): \u201cRaffaello e Agostino Chigi nella Villa Farnesina\u201d (en italiano, con traducci\u00f3n simultanea disponible);<\/p>\n<p style=\"text-align: justify;\">15.25hs: Prof. Antonio Sgamellotti, Accademia Nazionale dei Lincei (en directo desde Italia): \u201cRaffaello e la sua bottega nella loggia di Amore e Psiche in Villa Farnesina\u201d (en italiano, con traducci\u00f3n simultanea disponible);<\/p>\n<p style=\"text-align: justify;\">15.45hs: Prof. Jos\u00e9 Emilio Buruc\u00faa, Universidad Nacional de San Martin y Academia de Bellas Artes: \u201cRestauraci\u00f3n gloriosa de los frescos en el techo del pergolato de la Farnesina y consideraciones intempestivas entre las ant\u00edpodas\u201d;<\/p>\n<p style=\"text-align: justify;\">16.00hs: Conclusi\u00f3n.<\/p>\n<p style=\"text-align: justify;\"><strong>\u00a1Los esperamos!<\/strong><\/p>\n","protected":false},"excerpt":{"rendered":"En el marco del ciclo \u00abCARAS DE ITALIA\u00bb, para celebrar los 500 a\u00f1os desde la muerte de Raffaello, la Embajada de Italia los invita a la charla virtual \u201cRaffaello e la sua bottega: la Loggia digitale di Amore e Psiche in Villa Farnesina\u201d. Tres destacados oradores acompa\u00f1ar\u00e1n al p\u00fablico en un recorrido para conocer la [&hellip;]","protected":false},"author":1,"featured_media":0,"comment_status":"","ping_status":"","sticky":false,"template":"","format":"standard","meta":{"footnotes":""},"tags":[],"class_list":["post-1021","post","type-post","status-publish","format-standard","hentry"],"_links":{"self":[{"href":"https:\/\/consmardelplata.esteri.it\/es\/wp-json\/wp\/v2\/posts\/1021","targetHints":{"allow":["GET"]}}],"collection":[{"href":"https:\/\/consmardelplata.esteri.it\/es\/wp-json\/wp\/v2\/posts"}],"about":[{"href":"https:\/\/consmardelplata.esteri.it\/es\/wp-json\/wp\/v2\/types\/post"}],"author":[{"embeddable":true,"href":"https:\/\/consmardelplata.esteri.it\/es\/wp-json\/wp\/v2\/users\/1"}],"replies":[{"embeddable":true,"href":"https:\/\/consmardelplata.esteri.it\/es\/wp-json\/wp\/v2\/comments?post=1021"}],"version-history":[{"count":0,"href":"https:\/\/consmardelplata.esteri.it\/es\/wp-json\/wp\/v2\/posts\/1021\/revisions"}],"wp:attachment":[{"href":"https:\/\/consmardelplata.esteri.it\/es\/wp-json\/wp\/v2\/media?parent=1021"}],"wp:term":[{"taxonomy":"post_tag","embeddable":true,"href":"https:\/\/consmardelplata.esteri.it\/es\/wp-json\/wp\/v2\/tags?post=1021"}],"curies":[{"name":"wp","href":"https:\/\/api.w.org\/{rel}","templated":true}]}}