{"id":1030,"date":"2020-05-26T21:12:33","date_gmt":"2020-05-27T00:12:33","guid":{"rendered":"https:\/\/consmardelplata.esteri.it\/news\/dal_consolato\/2020\/05\/diplomazia-al-servizio-dei-connazionali_0-2\/"},"modified":"2020-05-26T21:12:33","modified_gmt":"2020-05-27T00:12:33","slug":"diplomazia-al-servizio-dei-connazionali_0-2","status":"publish","type":"post","link":"https:\/\/consmardelplata.esteri.it\/es\/news\/dal_consolato\/2020\/05\/diplomazia-al-servizio-dei-connazionali_0-2\/","title":{"rendered":"Diplomacia al servicio de los connacionales: repatriaci\u00f3n de otros 130 italianos."},"content":{"rendered":"<p style=\"text-align: justify;\">Ayer por la tarde fueron repatriados, con vuelo de Alitalia, otros 130 italianos que hab\u00edan quedado varados en Argentina luego de la emergencia sanitaria mundial Covid-19 y de la consecuente suspensi\u00f3n de los vuelos el pasado 16 de marzo.<\/p>\n<p>Al d\u00eda de la fecha fueron repatriados casi 1500 italianos luego del \u00faltimo vuelo de Alitalia que despeg\u00f3, hace pocas horas, de Buenos Aires.<\/p>\n<p>Tanto el Ministerio de Asuntos Exteriores y de la Cooperaci\u00f3n Internacional de Italia como la Embajada y toda la red consular italiana en Argentina contin\u00faan trabajando para asistir a los connacionales en el exterior.<\/p>\n<p style=\"text-align: justify;\"><img loading=\"lazy\" decoding=\"async\" width=\"250\" height=\"188\" alt=\"news 26 05 2020 voli di rimpatrio2\" src=\"resource\/img\/2020\/05\/news_-_26-05-2020_-_voli_di_rimpatrio2.jpg\" \/><\/p>\n<p style=\"text-align: justify;\"><img loading=\"lazy\" decoding=\"async\" width=\"250\" height=\"188\" alt=\"news 26 05 2020 voli di rimpatrio3\" src=\"resource\/img\/2020\/05\/news_-_26-05-2020_-_voli_di_rimpatrio3.jpg\" \/><\/p>\n<p style=\"text-align: justify;\">\u00a0<\/p>\n<p style=\"text-align: justify;\">\u00a0<\/p>\n","protected":false},"excerpt":{"rendered":"Ayer por la tarde fueron repatriados, con vuelo de Alitalia, otros 130 italianos que hab\u00edan quedado varados en Argentina luego de la emergencia sanitaria mundial Covid-19 y de la consecuente suspensi\u00f3n de los vuelos el pasado 16 de marzo. Al d\u00eda de la fecha fueron repatriados casi 1500 italianos luego del \u00faltimo vuelo de Alitalia [&hellip;]","protected":false},"author":1,"featured_media":0,"comment_status":"","ping_status":"","sticky":false,"template":"","format":"standard","meta":{"footnotes":""},"tags":[],"class_list":["post-1030","post","type-post","status-publish","format-standard","hentry"],"_links":{"self":[{"href":"https:\/\/consmardelplata.esteri.it\/es\/wp-json\/wp\/v2\/posts\/1030","targetHints":{"allow":["GET"]}}],"collection":[{"href":"https:\/\/consmardelplata.esteri.it\/es\/wp-json\/wp\/v2\/posts"}],"about":[{"href":"https:\/\/consmardelplata.esteri.it\/es\/wp-json\/wp\/v2\/types\/post"}],"author":[{"embeddable":true,"href":"https:\/\/consmardelplata.esteri.it\/es\/wp-json\/wp\/v2\/users\/1"}],"replies":[{"embeddable":true,"href":"https:\/\/consmardelplata.esteri.it\/es\/wp-json\/wp\/v2\/comments?post=1030"}],"version-history":[{"count":0,"href":"https:\/\/consmardelplata.esteri.it\/es\/wp-json\/wp\/v2\/posts\/1030\/revisions"}],"wp:attachment":[{"href":"https:\/\/consmardelplata.esteri.it\/es\/wp-json\/wp\/v2\/media?parent=1030"}],"wp:term":[{"taxonomy":"post_tag","embeddable":true,"href":"https:\/\/consmardelplata.esteri.it\/es\/wp-json\/wp\/v2\/tags?post=1030"}],"curies":[{"name":"wp","href":"https:\/\/api.w.org\/{rel}","templated":true}]}}