{"id":1037,"date":"2020-05-12T18:40:53","date_gmt":"2020-05-12T21:40:53","guid":{"rendered":"https:\/\/consmardelplata.esteri.it\/news\/dal_consolato\/2020\/05\/l-ambasciata-d-italia-invita-al-2\/"},"modified":"2020-05-12T18:40:53","modified_gmt":"2020-05-12T21:40:53","slug":"l-ambasciata-d-italia-invita-al-2","status":"publish","type":"post","link":"https:\/\/consmardelplata.esteri.it\/es\/news\/dal_consolato\/2020\/05\/l-ambasciata-d-italia-invita-al-2\/","title":{"rendered":"La Embajada de Italia los invita al Ciclo de Charlas Virtuales que patrocina, organizadas por la Universidad de Bologna &#8211; Buenos Aires"},"content":{"rendered":"<p style=\"text-align: justify;\">La Embajada de Italia patrocina el Ciclo de Charlas organizadas por la Universidad de Bologna, sede Buenos Aires, en el \u00e1mbito de la Maestr\u00eda en Pol\u00edticas y Gesti\u00f3n de los Servicios para la Salud: Europa &#8211; America Latina, en las cuales se abordar\u00e1n tem\u00e1ticas centrales para el contexto actual de la Emergencia sanitaria.<\/p>\n<p><strong>Martes 12 de mayo, 17h<\/strong>: \u201cPlanes de contingencia y seguridad del personal sanitario en los Hospitales de la Regi\u00f3n ante el COVID-19\u201d.<\/p>\n<p><strong>Inscripciones\u00a0<a href=\"https:\/\/unibo.activehosted.com\/f\/17\" target=\"_blank\" rel=\"noopener\">AQUI<\/a><\/strong><\/p>\n<p style=\"text-align: justify;\">\u00a0<\/p>\n<p style=\"text-align: justify;\">Expositores:<br \/>Guillermo Gonzalez Prieto (Presidente Consejo del Hospital Garraham)<br \/>Renilson Rehem (Director del Hospital de Criancas \u2013 Brasilia)<br \/>Carlos Alberto D\u00edaz (Director Sanatorio Sagrado Coraz\u00f3n)<\/p>\n<p>Moderador: Alberto Bozzolo (Prof. RRHH en Salud \u2013 Master UNIBO)<\/p>\n<p style=\"text-align: justify;\"><img loading=\"lazy\" decoding=\"async\" width=\"350\" height=\"195\" alt=\"news 12 05 2020 unibo3\" src=\"resource\/img\/2020\/05\/news_-_12-05-2020_-_unibo3.jpg\" \/><\/p>\n<p style=\"text-align: justify;\">\u00a0<\/p>\n<p style=\"text-align: justify;\"><strong>Pr\u00f3ximas charlas<\/strong>:<\/p>\n<p>\u2022Lecciones aprendidas de la pandemia para los sistemas de salud<br \/>\u2022COVID 19: interrogantes sanitarios, m\u00e9dicos y cient\u00edficos sobre el virus<br \/>\u2022Efectos econ\u00f3micos y pol\u00edticos de la pandemia<\/p>\n<p><strong>M\u00e1s informaci\u00f3n\u00a0<\/strong><strong><a href=\"http:\/\/www.ba.unibo.it\/eventi\/politicas-y-gestion-de-los-servicios-para-la-salud-europa-america-latina\" target=\"_blank\" rel=\"noopener\"> AQUI<\/a><\/strong><\/p>\n<p style=\"text-align: justify;\">\u00a0<\/p>\n<p style=\"text-align: justify;\"><img loading=\"lazy\" decoding=\"async\" width=\"350\" height=\"235\" alt=\"news 12 05 2020 unibo\" src=\"resource\/img\/2020\/05\/news_-_12-05-2020_-_unibo.jpg\" \/><\/p>\n","protected":false},"excerpt":{"rendered":"La Embajada de Italia patrocina el Ciclo de Charlas organizadas por la Universidad de Bologna, sede Buenos Aires, en el \u00e1mbito de la Maestr\u00eda en Pol\u00edticas y Gesti\u00f3n de los Servicios para la Salud: Europa &#8211; America Latina, en las cuales se abordar\u00e1n tem\u00e1ticas centrales para el contexto actual de la Emergencia sanitaria. Martes 12 [&hellip;]","protected":false},"author":1,"featured_media":0,"comment_status":"","ping_status":"","sticky":false,"template":"","format":"standard","meta":{"footnotes":""},"tags":[],"class_list":["post-1037","post","type-post","status-publish","format-standard","hentry"],"_links":{"self":[{"href":"https:\/\/consmardelplata.esteri.it\/es\/wp-json\/wp\/v2\/posts\/1037","targetHints":{"allow":["GET"]}}],"collection":[{"href":"https:\/\/consmardelplata.esteri.it\/es\/wp-json\/wp\/v2\/posts"}],"about":[{"href":"https:\/\/consmardelplata.esteri.it\/es\/wp-json\/wp\/v2\/types\/post"}],"author":[{"embeddable":true,"href":"https:\/\/consmardelplata.esteri.it\/es\/wp-json\/wp\/v2\/users\/1"}],"replies":[{"embeddable":true,"href":"https:\/\/consmardelplata.esteri.it\/es\/wp-json\/wp\/v2\/comments?post=1037"}],"version-history":[{"count":0,"href":"https:\/\/consmardelplata.esteri.it\/es\/wp-json\/wp\/v2\/posts\/1037\/revisions"}],"wp:attachment":[{"href":"https:\/\/consmardelplata.esteri.it\/es\/wp-json\/wp\/v2\/media?parent=1037"}],"wp:term":[{"taxonomy":"post_tag","embeddable":true,"href":"https:\/\/consmardelplata.esteri.it\/es\/wp-json\/wp\/v2\/tags?post=1037"}],"curies":[{"name":"wp","href":"https:\/\/api.w.org\/{rel}","templated":true}]}}