{"id":1049,"date":"2020-04-23T00:15:21","date_gmt":"2020-04-23T03:15:21","guid":{"rendered":"https:\/\/consmardelplata.esteri.it\/news\/dal_consolato\/2020\/04\/earth-day-2020-2\/"},"modified":"2020-04-23T00:15:21","modified_gmt":"2020-04-23T03:15:21","slug":"earth-day-2020-2","status":"publish","type":"post","link":"https:\/\/consmardelplata.esteri.it\/es\/news\/dal_consolato\/2020\/04\/earth-day-2020-2\/","title":{"rendered":"Earth Day 2020!"},"content":{"rendered":"<p style=\"text-align: justify;\">\n<p>El Ministerio de Asuntos Exteriores y de la Cooperaci\u00f3n Internacional de Italia se une a la celebraci\u00f3n del 50vo. <a href=\"https:\/\/www.earthday.org\/\" target=\"_blank\" rel=\"noopener\">Earth Day<\/a>, el D\u00eda Mundial dedicado a la Tierra. En esta ocasi\u00f3n Italia reafirma su fuerte compromiso a favor del clima y en el cuidado al medioambiente, en vistas de la pr\u00f3xima COP26 y de la preCOP que se llevar\u00e1 a cabo en nuestro Pa\u00eds.<\/p>\n<p style=\"text-align: justify;\"><img loading=\"lazy\" decoding=\"async\" width=\"700\" height=\"434\" alt=\"earth day 2020\" src=\"resource\/img\/2020\/04\/earth-day-2020.jpg\" \/><\/p>\n","protected":false},"excerpt":{"rendered":"El Ministerio de Asuntos Exteriores y de la Cooperaci\u00f3n Internacional de Italia se une a la celebraci\u00f3n del 50vo. Earth Day, el D\u00eda Mundial dedicado a la Tierra. En esta ocasi\u00f3n Italia reafirma su fuerte compromiso a favor del clima y en el cuidado al medioambiente, en vistas de la pr\u00f3xima COP26 y de la [&hellip;]","protected":false},"author":1,"featured_media":0,"comment_status":"","ping_status":"","sticky":false,"template":"","format":"standard","meta":{"footnotes":""},"tags":[],"class_list":["post-1049","post","type-post","status-publish","format-standard","hentry"],"_links":{"self":[{"href":"https:\/\/consmardelplata.esteri.it\/es\/wp-json\/wp\/v2\/posts\/1049","targetHints":{"allow":["GET"]}}],"collection":[{"href":"https:\/\/consmardelplata.esteri.it\/es\/wp-json\/wp\/v2\/posts"}],"about":[{"href":"https:\/\/consmardelplata.esteri.it\/es\/wp-json\/wp\/v2\/types\/post"}],"author":[{"embeddable":true,"href":"https:\/\/consmardelplata.esteri.it\/es\/wp-json\/wp\/v2\/users\/1"}],"replies":[{"embeddable":true,"href":"https:\/\/consmardelplata.esteri.it\/es\/wp-json\/wp\/v2\/comments?post=1049"}],"version-history":[{"count":0,"href":"https:\/\/consmardelplata.esteri.it\/es\/wp-json\/wp\/v2\/posts\/1049\/revisions"}],"wp:attachment":[{"href":"https:\/\/consmardelplata.esteri.it\/es\/wp-json\/wp\/v2\/media?parent=1049"}],"wp:term":[{"taxonomy":"post_tag","embeddable":true,"href":"https:\/\/consmardelplata.esteri.it\/es\/wp-json\/wp\/v2\/tags?post=1049"}],"curies":[{"name":"wp","href":"https:\/\/api.w.org\/{rel}","templated":true}]}}