{"id":1056,"date":"2020-04-10T01:42:54","date_gmt":"2020-04-10T04:42:54","guid":{"rendered":"https:\/\/consmardelplata.esteri.it\/news\/dal_consolato\/2020\/04\/laculturanonsiferma-visite-virtuali-2\/"},"modified":"2020-04-10T01:42:54","modified_gmt":"2020-04-10T04:42:54","slug":"laculturanonsiferma-visite-virtuali-2","status":"publish","type":"post","link":"https:\/\/consmardelplata.esteri.it\/es\/news\/dal_consolato\/2020\/04\/laculturanonsiferma-visite-virtuali-2\/","title":{"rendered":"#LaCulturaNoSeDetiene! &#8211; Visitas virtuales a los Museos italianos"},"content":{"rendered":"<p>La extraordinaria oferta cultura italiana no se detiene. Entre los numerosos recorridos virtuales organizados por los proncipales museos italianos, en el marco de la iniciativa lanzada por el<a href=\"https:\/\/www.beniculturali.it\/mibac\/export\/MiBAC\/sito-MiBAC\/Contenuti\/MibacUnif\/Comunicati\/visualizza_asset.html_422536076.html\" target=\"_blank\" rel=\"noopener\">Ministero per i Beni e le Attivit\u00e0 Culturali e per il Turismo italiano<\/a>, , hoy les hacemos una propuesta muy especial:<\/p>\n<ul style=\"list-style-type: square;\">\n<li><a href=\"https:\/\/www.uffizi.it\/gli-uffizi\" target=\"_blank\" rel=\"noopener\"><strong>LE GALLERIE DEGLI UFFIZI<\/strong><\/a>, Firenze<\/li>\n<\/ul>\n<p style=\"text-align: justify;\">\u00a0Con el t\u00e9rmino <em>\u201cGallerie\u201d<\/em> (Galer\u00edas) en plural, se hace referencia al peque\u00f1o polo constituido con la reforma del 2014 dictada por el \u201cMinistero per i Beni e le Attivita Culturali e per il Turismo\u201d que incluye, adem\u00e1s de los Uffizi, tambi\u00e9n el <em>Corridoio Vasariano<\/em>, actualmente cerrado por restauraciones, los museos del Palacio Pitti y los Jardines de Boboli:<\/p>\n<p>\u00a0<a href=\"https:\/\/www.uffizi.it\/gli-uffizi\" target=\"_blank\" rel=\"noopener\"><strong>La Galleria<\/strong><\/a><\/p>\n<p><img loading=\"lazy\" decoding=\"async\" src=\"resource\/img\/2020\/04\/uffizi.jpg\" alt=\"uffizi\" width=\"350\" height=\"416\" \/><\/p>\n<p style=\"text-align: justify;\">La Galer\u00eda, situada en un edifico construido entre 1560 y 1580 dise\u00f1ado por Vasari, conserva colecciones de esculturas antiguas y pinturas &#8211; desde la Edad Media hasta la Edad Moderna &#8211; de los m\u00e1s importantes artistas de la \u00e9poca, como Giotto, Simone Martini, Piero della Francesca, Beato Ang\u00e9lico, Filippo Lippi, Botticelli, Mantegna, Correggio, Leonardo, Raffaello, Michelangelo, Caravaggio, adem\u00e1s de obras maestras de la pintura europea, sobre todo alemana, flamenca y holandesa.<\/p>\n<p style=\"text-align: justify;\">A su vez, es importante destacar la colecci\u00f3n de estatuas y bustos antiguos de la familia Medici que embellecen los pasillos de la Galer\u00eda.<\/p>\n<p>\u00a0<strong><a href=\"https:\/\/www.uffizi.it\/corridoio-vasariano\" target=\"_blank\" rel=\"noopener\">Il Corridoio Vasariano <\/a><\/strong><a href=\"https:\/\/www.uffizi.it\/corridoio-vasariano\" target=\"_blank\" rel=\"noopener\"><\/a>(cerrado por restauraciones)<\/p>\n<p><img loading=\"lazy\" decoding=\"async\" src=\"resource\/img\/2020\/04\/uffizi_corridoio.jpg\" alt=\"uffizi corridoio\" width=\"350\" height=\"175\" \/><\/p>\n<p style=\"text-align: justify;\">El <em>Corridoio Vasariano<\/em>, cerrado al p\u00fablico en el 2016 por razones de seguridad, reabrir\u00e1 sus puertas a partir del 2021, una vez ultimados los detalles de modernizaci\u00f3n, climatizaci\u00f3n e iluminaci\u00f3n que lo tornar\u00e1n un recorrido completamente accesible y abierto a todos.\u00a0<\/p>\n<p style=\"text-align: justify;\"><a href=\"https:\/\/www.uffizi.it\/palazzo-pitti\" target=\"_blank\" rel=\"noopener\"><strong>Palazzo Pitti<\/strong><\/a><\/p>\n<p style=\"text-align: justify;\"><img loading=\"lazy\" decoding=\"async\" src=\"resource\/img\/2020\/04\/uffizi_pitti.jpg\" alt=\"uffizi pitti\" width=\"350\" height=\"274\" \/><\/p>\n<p style=\"text-align: justify;\">\u00a0El edificio toma el nombre de su primer propietario, el banquero florentino Luca Pitti, que a mitad del siglo XV quiso hacerlo construir m\u00e1s all\u00e1 del Arno, al pie de la colina de Boboli.<\/p>\n<p style=\"text-align: justify;\">En 1520 fue adquirido por Cosimo I de Medici y por su esposa, Eleonora de Toledo, que hicieron de \u00e9l la nueva residencia del Gran Ducado, s\u00edmbolo del poder mediceo sobre la Toscana.<\/p>\n<p style=\"text-align: justify;\">Sucesivamente se transform\u00f3 en el palacio de otras dos dinast\u00edas, la de los Habsburgo-Lorena (sucesores de los Medici desde 1737) y de los Saboya, quienes residieron en \u00e9l desde 1865 hasta la Unidad de Italia.<\/p>\n<p style=\"text-align: justify;\">En el Palacio Pitti se encuentran obras de los a\u00f1os 500 y del Barocco, desde Giorgione hasta Tiziano, de Ribeira a Van Dyck, y tambi\u00e9n obras de \u2018800 y \u2018900.<\/p>\n<p style=\"text-align: justify;\">Actualmente, en su interior hay<strong> cuatro museos<\/strong>: El Tesoro de los Granduchi en la planta baja, la Galer\u00eda Palatina y los Departamentos Imperiales y Reales en el primer piso del Palacio, la Galer\u00eda de Arte Moderno y el Museo de la Moda y del Traje en el segundo piso.<\/p>\n<p><strong><a href=\"https:\/\/www.uffizi.it\/giardino-boboli\" target=\"_blank\" rel=\"noopener\">Giardini di Boboli<\/a><\/strong><\/p>\n<p><img loading=\"lazy\" decoding=\"async\" src=\"resource\/img\/2020\/04\/uffizi_giardini2.jpg\" alt=\"uffizi giardini2\" width=\"350\" height=\"146\" \/><\/p>\n<p style=\"text-align: justify;\">Los jardines se extienden detr\u00e1s del Palacio Pitti. Los Medici fueron los primeros que se ocuparon de su ideaci\u00f3n, creando el modelo de jard\u00edn a la italiana, que posteriormente se convertir\u00e1 en modelo inspirador para otras cortes en Europa.<\/p>\n<p style=\"text-align: justify;\">Sucesivamente ampliado por obra de los Lorena y Saboya, los jardines son un verdadero y propio museo al aire libre, adornados con estatuas antiguas y renacentistas, grandes fuentes, como la del Neptuno y del Oc\u00e9ano, y varias cuevas, la m\u00e1s famosa realizada por Bernardo Buontalenti.<\/p>\n<p style=\"text-align: justify;\">No hay que olvidar el pabell\u00f3n del Kaffeehaus, particular ejemplo de arquitectura Rococ\u00f3 en Toscana, y la Limonaia, construida por Zanobi del Rosso entre 1777 y 1778.<\/p>\n<p style=\"text-align: justify;\"><strong>Las Galer\u00edas <em>Online<\/em><\/strong><\/p>\n<p style=\"text-align: justify;\">IperVisioni<\/p>\n<p style=\"text-align: justify;\">A trav\u00e9s de\u00a0<a href=\"https:\/\/www.uffizi.it\/mostre-virtuali\" target=\"_blank\" rel=\"noopener\"><strong>\u201cIper Visioni\u201d<\/strong><\/a> (Hiper Visiones) es posible descubrir las obras maestras de las colecciones presentes en las Galer\u00edas y su historia.<\/p>\n<p style=\"text-align: justify;\"><span style=\"text-decoration: underline;\">Uffizi Decameron<\/span><\/p>\n<p style=\"text-align: justify;\">Tambi\u00e9n en las redes sociales de Las Galer\u00edas de los Uffizi, la actividad es mucha. Entre las diversas campa\u00f1as lanzadas en estos d\u00edas se destaca <strong><a href=\"https:\/\/www.facebook.com\/uffizigalleries\/videos\/132904798157712\/\" target=\"_blank\" rel=\"noopener\">\u201cUffizi Decameron\u201d<\/a>, <\/strong>lanzada en Facebook, pero tambi\u00e9n presente en Twitter e Instagram con el hashtag <strong>#UffiziDecameron<\/strong>, inspirada en la c\u00e9lebre obra de Giovanni Boccaccio.<\/p>\n<p style=\"text-align: justify;\">Como es sabido, los protagonistas de <strong>Decameron<\/strong>, escrito por Boccaccio a mediados del 1300, son diez j\u00f3venes que para escapar del contagio de la peste negra, que estalla en 1348 en Europa, se refugian en una casa sobre las colinas en los alrededores de Florencia. Para combatir el aburrimiento del retiro forzado deciden que cada uno de ellos cuente una historia al d\u00eda, inspir\u00e1ndose cada vez en un tema diferente.<\/p>\n<p>Tomando esta historia como referencia, los Uffizi publican todos los d\u00edas, en Instagram, Twitter y ahora tambi\u00e9n en FB, fotos, v\u00eddeos e historias de las obras maestras, Estatuas y Pinturas de los museos de las Galer\u00edas.<\/p>\n<p style=\"text-align: justify;\">Tambi\u00e9n bajo la iniciativa \u00abUffizi Decameron\u00bb encontrar\u00e1n en <a href=\"https:\/\/www.facebook.com\/uffizigalleries\/\" target=\"_blank\" rel=\"noopener\">facebook<\/a> una serie de \u201cminitours virtuales\u00bb bajo el hashtag <strong>#Lamiasala<\/strong>, en donde ser\u00e1n ilustrados algunos de los sitios m\u00e1s sugestivos de las Galer\u00edas, con sus obras y sus secretos.<\/p>\n<p style=\"text-align: justify;\"><span style=\"text-decoration: underline;\">Raffaello 1520 &#8211; 1483<\/span><\/p>\n<p style=\"text-align: justify;\">Una parte importante de las publicaciones en las redes sociales de las Galer\u00edas est\u00e1n dedicadas tambi\u00e9n al homenaje que Italia quiso rendirle a <strong>Raffaello por los 500 a\u00f1os de su muerte<\/strong>, ocurrida en Roma el 6 de abril de 1520, con la <a href=\"https:\/\/www.uffizi.it\/eventi\/mostra-raffaello-roma\" target=\"_blank\" rel=\"noopener\">mostra \u00abRaffaello 1520 &#8211; 1483\u00bb<\/a>, organizzata alle <a href=\"https:\/\/www.scuderiequirinale.it\/\" target=\"_blank\" rel=\"noopener\">Scuderie del Quirinale<\/a>, para cuya preparaci\u00f3n la Galer\u00edas de los Uffizi colaboraron activamente aportando alrededor de cincuenta obras.<\/p>\n<p style=\"text-align: justify;\">En <em>Le Scuderie<\/em> se han reunido por primera vez m\u00e1s de cien obras maestras de autor\u00eda o, en todo caso, atribuibles a ideaciones de Raffaello, entre pinturas, dibujos, tapices y proyectos arquitect\u00f3nicos. La muestra est\u00e1 compuesta en su totalidad por 204 obras en exposici\u00f3n de las cuales 120 son del mismo Raffaello entre pinturas y dibujos. (<em>Ver recorrido sugerido<\/em>:<a href=\"it\/la_comunicazione\/dal_consolato\/2020\/03\/laculturanosedetiene-visitas-virtuales.html\" target=\"_blank\" rel=\"noopener\"><em>Le Scuderie del Quirinale<\/em><\/a>)<\/p>\n<p style=\"text-align: justify;\">Facebook: <a href=\"https:\/\/www.facebook.com\/uffizigalleries\/\" target=\"_blank\" rel=\"noopener\">@uffizigalleries<\/a><\/p>\n<p style=\"text-align: justify;\">Instagram: <a href=\"https:\/\/www.instagram.com\/uffizigalleries\/\" target=\"_blank\" rel=\"noopener\">@uffizigalleries<\/a><\/p>\n<p style=\"text-align: justify;\">Twitter: <a href=\"https:\/\/twitter.com\/UffiziGalleries?s=08\" target=\"_blank\" rel=\"noopener\">@UffiziGalleries<\/a><\/p>\n","protected":false},"excerpt":{"rendered":"La extraordinaria oferta cultura italiana no se detiene. Entre los numerosos recorridos virtuales organizados por los proncipales museos italianos, en el marco de la iniciativa lanzada por elMinistero per i Beni e le Attivit\u00e0 Culturali e per il Turismo italiano, , hoy les hacemos una propuesta muy especial: LE GALLERIE DEGLI UFFIZI, Firenze \u00a0Con el [&hellip;]","protected":false},"author":1,"featured_media":0,"comment_status":"","ping_status":"","sticky":false,"template":"","format":"standard","meta":{"footnotes":""},"tags":[],"class_list":["post-1056","post","type-post","status-publish","format-standard","hentry"],"_links":{"self":[{"href":"https:\/\/consmardelplata.esteri.it\/es\/wp-json\/wp\/v2\/posts\/1056","targetHints":{"allow":["GET"]}}],"collection":[{"href":"https:\/\/consmardelplata.esteri.it\/es\/wp-json\/wp\/v2\/posts"}],"about":[{"href":"https:\/\/consmardelplata.esteri.it\/es\/wp-json\/wp\/v2\/types\/post"}],"author":[{"embeddable":true,"href":"https:\/\/consmardelplata.esteri.it\/es\/wp-json\/wp\/v2\/users\/1"}],"replies":[{"embeddable":true,"href":"https:\/\/consmardelplata.esteri.it\/es\/wp-json\/wp\/v2\/comments?post=1056"}],"version-history":[{"count":0,"href":"https:\/\/consmardelplata.esteri.it\/es\/wp-json\/wp\/v2\/posts\/1056\/revisions"}],"wp:attachment":[{"href":"https:\/\/consmardelplata.esteri.it\/es\/wp-json\/wp\/v2\/media?parent=1056"}],"wp:term":[{"taxonomy":"post_tag","embeddable":true,"href":"https:\/\/consmardelplata.esteri.it\/es\/wp-json\/wp\/v2\/tags?post=1056"}],"curies":[{"name":"wp","href":"https:\/\/api.w.org\/{rel}","templated":true}]}}