{"id":1061,"date":"2020-04-02T14:29:13","date_gmt":"2020-04-02T17:29:13","guid":{"rendered":"https:\/\/consmardelplata.esteri.it\/news\/dal_consolato\/2020\/04\/il-dantedi-omaggio-al-sommo-poeta-2\/"},"modified":"2020-04-02T14:29:13","modified_gmt":"2020-04-02T17:29:13","slug":"il-dantedi-omaggio-al-sommo-poeta-2","status":"publish","type":"post","link":"https:\/\/consmardelplata.esteri.it\/es\/news\/dal_consolato\/2020\/04\/il-dantedi-omaggio-al-sommo-poeta-2\/","title":{"rendered":"Il Danted\u00ec \u2013 Omaggio al Sommo Poeta"},"content":{"rendered":"<p style=\"text-align: justify;\">Queridos connacionales, queridos amigos argentinos,<\/p>\n<p>el d\u00eda 25 de marzo de 2020 ha sido dedicado a Dante Alighieri, uno de los padres de la lengua italiana.<\/p>\n<p>A continuaci\u00f3n les copiamos algunos link donde encontrar\u00e1n valiosa informaci\u00f3n sobre el poeta y su producci\u00f3n literaria.<\/p>\n<p style=\"text-align: justify;\">\u00a0<\/p>\n<p style=\"text-align: justify;\"><strong>La biografia di Dante Alighieri<\/strong><\/p>\n<p><a href=\"https:\/\/www.raicultura.it\/letteratura\/articoli\/2018\/12\/Letteratura---Dante---prima-parte-44a17df3-f4b2-4b55-ae54-049345fa8ed1.html\" target=\"_blank\" rel=\"noopener\">Prima parte<\/a><\/p>\n<p><a href=\"https:\/\/www.raicultura.it\/letteratura\/articoli\/2018\/12\/Letteratura---Dante---seconda-parte-d5b9b29d-0f60-4b1d-9b58-e2a02f31bb4c.html\" target=\"_blank\" rel=\"noopener\">Seconda parte<\/a><\/p>\n<p><a href=\"https:\/\/www.raicultura.it\/letteratura\/articoli\/2018\/12\/Speciale-Dante-parlano-Piero-Dorfles-e-Franco-Cardini-9940531c-a8d5-48e3-98f0-d6bdf161260a.html\" target=\"_blank\" rel=\"noopener\">L&#8217;epoca storica di Dante Alighieri<\/a><\/p>\n<p><a href=\"https:\/\/www.raicultura.it\/letteratura\/articoli\/2018\/12\/Jacqueline-Risset-tradurre-Dante-8dca3887-5fd8-4fa8-891c-6c3820510be4.html\" target=\"_blank\" rel=\"noopener\">Jacqueline Risset: tradurre Dante<\/a><\/p>\n<p><a href=\"https:\/\/www.raicultura.it\/letteratura\/articoli\/2019\/01\/La-Vita-Nova-di-Dante-unautobiografia-ideale-0cd8a5ba-64e2-494e-9a6d-05ba301455ef.html\" target=\"_blank\" rel=\"noopener\">La Vita Nova di Dante secondo Guido Davico Bonino<\/a><\/p>\n<p><a href=\"https:\/\/www.raicultura.it\/letteratura\/articoli\/2020\/02\/La-Vita-Nuova-secondo-Nicola-Piovani-9c6175ea-31ce-40bd-be57-aedd5e5c30f2.html\" target=\"_blank\" rel=\"noopener\">La \u00abVita nuova\u00bb secondo Nicola Piovani<\/a><\/p>\n<p>\u00a0<\/p>\n<p style=\"text-align: justify;\"><strong>La Divina Commedia<\/strong><\/p>\n<p><a href=\"https:\/\/www.raicultura.it\/letteratura\/articoli\/2018\/12\/Per-Dante---Inferno-df91aea8-91a4-466d-915e-cea8ac934597.html\" target=\"_blank\" rel=\"noopener\">Inferno<\/a><\/p>\n<p><a href=\"https:\/\/www.raicultura.it\/letteratura\/articoli\/2018\/12\/Per-Dante---Purgatorio-con-Valeria-Della-Valle-d81070f7-e3ff-424e-9c53-34002fd57a96.html\" target=\"_blank\" rel=\"noopener\">Purgatorio<\/a><\/p>\n<p><a href=\"https:\/\/www.raicultura.it\/letteratura\/articoli\/2018\/12\/Per-Dante---Paradiso-229560b3-ffe4-4707-b5b6-160e49f6a448.html\" target=\"_blank\" rel=\"noopener\">Paradiso<\/a><\/p>\n<p><a href=\"https:\/\/www.raicultura.it\/letteratura\/articoli\/2019\/01\/Speciale-Dante-lamore-e-la-donna-nella-Commedia-61dd1e77-0958-4157-a3d7-460bd9eb2718.html\" target=\"_blank\" rel=\"noopener\">L&#8217;amore e la donna nella Divina Commedia<\/a><\/p>\n<p><a href=\"https:\/\/www.raicultura.it\/letteratura\/articoli\/2018\/12\/SPECIALE-DANTE-PARLANO-FRANCO-CARDINI-MONI-OVADIA-E-DAVIDE-RONDONI-186895d5-8b44-46fe-8c43-8f5d82a118eb.html\" target=\"_blank\" rel=\"noopener\">Il tema del viaggio nella Divina Commedia<\/a><\/p>\n<p><a href=\"https:\/\/www.raicultura.it\/letteratura\/articoli\/2018\/12\/SPECIALE-DANTE-PARLANO-FERRONI-E-STABILE-4ffcaa2e-c15a-4413-81a6-1557c4988f1b.html\" target=\"_blank\" rel=\"noopener\">La geografia immaginaria della Divina Commedia<\/a><\/p>\n<p><a href=\"https:\/\/www.raicultura.it\/letteratura\/articoli\/2019\/06\/Franco-Ricordi-Filofia-della-Commedia-di-Dante-bc093c57-be7d-4df2-a4b1-b187c1cab06d.html\" target=\"_blank\" rel=\"noopener\">Franco Ricordi, Filosofia della Commedia di Dante<\/a><\/p>\n<p><a href=\"https:\/\/www.raicultura.it\/letteratura\/articoli\/2018\/12\/La-Divina-Commedia-secondo-Federico-Zeri-bf41481a-d67e-4294-ae11-e5f0568330d5.html\" target=\"_blank\" rel=\"noopener\">La Divina Commedia secondo Federico Zeri<\/a><\/p>\n<p><a href=\"https:\/\/www.raicultura.it\/letteratura\/articoli\/2019\/01\/Luca-Serianni-le-similitudine-nella-Divina-Commedia-7660acba-0ba7-4a0d-ad1a-6b742234c4db.html\" target=\"_blank\" rel=\"noopener\">Luca Serianni: le similitudini nella Divina Commedia<\/a><\/p>\n<p><a href=\"https:\/\/www.raicultura.it\/letteratura\/articoli\/2018\/12\/Luca-Serianni-il-canto-V-dellInferno-di-Dante-907bb65f-7ce1-494f-80ab-ddcd1468a0fc.html\">Luca Serianni: il canto V dell&#8217;Inferno di Dante<\/a><\/p>\n<p><a href=\"https:\/\/www.raicultura.it\/letteratura\/articoli\/2019\/01\/Luca-Serianni-i-personaggi-femminili-della-Divina-Commedia--ba07ecd2-6574-4c8a-8a4e-313c268dd0df.html\" target=\"_blank\" rel=\"noopener\">Luca Serianni: i personaggi femminili della Divina Commedia<\/a><\/p>\n<p>\u00a0<\/p>\n<p style=\"text-align: justify;\"><strong>Alcuni passi della Divina Commedia letti da grandi attori o da personaggi illustri<\/strong><\/p>\n<p><a href=\"https:\/\/www.raicultura.it\/letteratura\/articoli\/2018\/12\/Tullio-De-Mauro-Per-Dante-957643d2-0d5e-42f3-938e-1e5153a674fc.html\" target=\"_blank\" rel=\"noopener\">La lingua di Adamo, Paradiso XXVI<\/a><\/p>\n<p><a href=\"https:\/\/www.raicultura.it\/letteratura\/articoli\/2018\/12\/Omaggio-a-Ennio-Morricone-la-sua-lettura-di-Dante-00c3456b-dc7e-432c-b94b-ed2ec90ce31a.html\" target=\"_blank\" rel=\"noopener\">Il canto XXXIII dell&#8217;Inferno<\/a><\/p>\n<p><a href=\"https:\/\/www.raicultura.it\/letteratura\/articoli\/2018\/12\/Claudio-Santamaria-legge-lincipit-dellInferno-dca1a92c-e786-496e-9cb8-1ec5e8f03546.html\" target=\"_blank\" rel=\"noopener\">L&#8217;incipit dell&#8217;Inferno<\/a><\/p>\n<p><a href=\"https:\/\/www.raicultura.it\/letteratura\/articoli\/2018\/12\/Il-I-Canto-della-Divina-Commedia-letto-da-Albertazzi-566c34f0-4fef-4f56-9f1d-ecc089d050ec.html\" target=\"_blank\" rel=\"noopener\">Il I Canto dell\u2019Inferno<\/a><\/p>\n<p><a href=\"https:\/\/www.raicultura.it\/letteratura\/articoli\/2018\/12\/Albertazzi-legge-il-canto-VI-dellInferno-c644374e-dd00-43d2-ac2a-38f9945770ac.html\" target=\"_blank\" rel=\"noopener\">Il canto VI dell&#8217;Inferno<\/a><\/p>\n<p>\u00a0<\/p>\n<p style=\"text-align: justify;\"><strong>Alcuni spezzoni e programmi della televisione italiana dedicati a Dante<\/strong><\/p>\n<p><a href=\"https:\/\/www.raicultura.it\/letteratura\/articoli\/2018\/12\/Albertazzi-legge-il-canto-VI-dellInferno-c644374e-dd00-43d2-ac2a-38f9945770ac.html\" target=\"_blank\" rel=\"noopener\">Uno sketch di Roberto Benigni su Dante Alighieri<\/a><\/p>\n<p>\u00a0<\/p>\n<p style=\"text-align: justify;\"><strong>Lo sceneggiato del 1965 sulla vita di Dante<\/strong><\/p>\n<p><a href=\"https:\/\/www.raicultura.it\/cinema\/articoli\/2020\/02\/Vita-di-Dante-9ef152d8-1fdd-4d3b-b89b-9e5ac8c11233.html\" target=\"_blank\" rel=\"noopener\">Prima puntata<\/a><\/p>\n<p><a href=\"https:\/\/www.raicultura.it\/cinema\/articoli\/2020\/02\/Vita-di-Dante-Seconda-puntata-6a9a19a9-af88-4fe3-89db-5ae19d11609f.html\" target=\"_blank\" rel=\"noopener\">Seconda puntata<\/a><\/p>\n<p><a href=\"https:\/\/www.raicultura.it\/cinema\/articoli\/2020\/02\/Vita-di-Dante-Terza-puntata-190577c9-3436-4fc6-ade9-39dd146793c5.html\" target=\"_blank\" rel=\"noopener\">Terza puntata<\/a><\/p>\n<p>\u00a0<\/p>\n<p>\u00a0<\/p>\n<p>\u00a0<\/p>\n<p><a href=\"https:\/\/youtu.be\/Q-AwA8e_KCI\" target=\"_blank\" rel=\"noopener\"><img decoding=\"async\" style=\"float: left;\" src=\"<iframe%20width=\"560\"%20height=\"315\"%20src=\"https:\/www.youtube.com\/embed\/Q-AwA8e_KCI\"%20frameborder=\"0\"%20allow=\"accelerometer;%20autoplay;%20encrypted-media;%20gyroscope;%20picture-in-picture\"%20allowfullscreen><\/iframe>\u00bb alt=\u00bbDanted\u00ec #ioleggoDante\u00bb \/><\/a><\/p>\n<p>\u00a0<\/p>\n","protected":false},"excerpt":{"rendered":"Queridos connacionales, queridos amigos argentinos, el d\u00eda 25 de marzo de 2020 ha sido dedicado a Dante Alighieri, uno de los padres de la lengua italiana. A continuaci\u00f3n les copiamos algunos link donde encontrar\u00e1n valiosa informaci\u00f3n sobre el poeta y su producci\u00f3n literaria. \u00a0 La biografia di Dante Alighieri Prima parte Seconda parte L&#8217;epoca storica [&hellip;]","protected":false},"author":1,"featured_media":0,"comment_status":"","ping_status":"","sticky":false,"template":"","format":"standard","meta":{"footnotes":""},"tags":[],"class_list":["post-1061","post","type-post","status-publish","format-standard","hentry"],"_links":{"self":[{"href":"https:\/\/consmardelplata.esteri.it\/es\/wp-json\/wp\/v2\/posts\/1061","targetHints":{"allow":["GET"]}}],"collection":[{"href":"https:\/\/consmardelplata.esteri.it\/es\/wp-json\/wp\/v2\/posts"}],"about":[{"href":"https:\/\/consmardelplata.esteri.it\/es\/wp-json\/wp\/v2\/types\/post"}],"author":[{"embeddable":true,"href":"https:\/\/consmardelplata.esteri.it\/es\/wp-json\/wp\/v2\/users\/1"}],"replies":[{"embeddable":true,"href":"https:\/\/consmardelplata.esteri.it\/es\/wp-json\/wp\/v2\/comments?post=1061"}],"version-history":[{"count":0,"href":"https:\/\/consmardelplata.esteri.it\/es\/wp-json\/wp\/v2\/posts\/1061\/revisions"}],"wp:attachment":[{"href":"https:\/\/consmardelplata.esteri.it\/es\/wp-json\/wp\/v2\/media?parent=1061"}],"wp:term":[{"taxonomy":"post_tag","embeddable":true,"href":"https:\/\/consmardelplata.esteri.it\/es\/wp-json\/wp\/v2\/tags?post=1061"}],"curies":[{"name":"wp","href":"https:\/\/api.w.org\/{rel}","templated":true}]}}