{"id":1063,"date":"2020-04-01T18:38:08","date_gmt":"2020-04-01T21:38:08","guid":{"rendered":"https:\/\/consmardelplata.esteri.it\/news\/dal_consolato\/2020\/04\/iorestoacasa-una-iniziativa-del-2\/"},"modified":"2020-04-01T18:38:08","modified_gmt":"2020-04-01T21:38:08","slug":"iorestoacasa-una-iniziativa-del-2","status":"publish","type":"post","link":"https:\/\/consmardelplata.esteri.it\/es\/news\/dal_consolato\/2020\/04\/iorestoacasa-una-iniziativa-del-2\/","title":{"rendered":"#IoRestoACasa &#8211; una iniciativa del Ministerio de Cultura y del Turismo de Italia (MIBACT)"},"content":{"rendered":"<p><a href=\"https:\/\/www.beniculturali.it\/mibac\/export\/MiBAC\/sito-MiBAC\/Contenuti\/MibacUnif\/Comunicati\/visualizza_asset.html_422536076.html\" target=\"_blank\" rel=\"noopener\"><strong>La Cultura Non Si Ferma<\/strong><\/a> es la nueva p\u00e1gina del Ministerio de Cultura y del Turismo italiano con m\u00faltiples iniciativas virtuales organizadas por los sitios culturales estatales, el mundo del espect\u00e1culo, de la m\u00fasica y el audiovisual.<\/p>\n<p style=\"text-align: justify;\">Se trata di una p\u00e1gina con una rica oferta cultural para disfrutar desde el hogar que permite a todos mantener el contacto con el arte y la cultura italiana incluso en este dif\u00edcil momento.<\/p>\n<p style=\"text-align: justify;\">Participen tambi\u00e9n desde las redes con los hashtags #IoRestoACasa y #LaCulturaNonSiFerma.<\/p>\n<p style=\"text-align: justify;\">A continuaci\u00f3n, una propuesta de tours virtuales pensada especialmente para ustedes que d\u00eda a d\u00eda iremos actualizando:<\/p>\n<p style=\"text-align: justify;\">\u00a0<\/p>\n<p style=\"text-align: justify;\"><img loading=\"lazy\" decoding=\"async\" src=\"resource\/img\/2020\/03\/musei_-_foto.jpg\" alt=\"musei foto\" width=\"91\" height=\"80\" \/><\/p>\n<p style=\"text-align: justify;\">MUSEOS<\/p>\n<p><a href=\"es\/la_comunicazione\/dal_consolato\/2020\/03\/laculturanosedetiene-visitas-virtuales.html\" target=\"_blank\" rel=\"noopener\">Musei Vaticani &#8211; Scuderie del Quirinale &#8211; Pinacoteca di Brera &#8211; Castello di Rivoli<\/a><\/p>\n<p>\u00a0<\/p>\n<p><img loading=\"lazy\" decoding=\"async\" src=\"resource\/img\/2020\/03\/musica.jpg\" alt=\"musica\" width=\"80\" height=\"80\" \/><\/p>\n<p>CONCIERTOS<\/p>\n<p><a href=\"es\/la_comunicazione\/dal_consolato\/2020\/03\/laculturanonsiferma-concerti-in.html\" target=\"_blank\" rel=\"noopener\">Teatro la Fenice &#8211; Accademina di Santa Cecilia &#8211; Accademia Chigiana<\/a><\/p>\n","protected":false},"excerpt":{"rendered":"La Cultura Non Si Ferma es la nueva p\u00e1gina del Ministerio de Cultura y del Turismo italiano con m\u00faltiples iniciativas virtuales organizadas por los sitios culturales estatales, el mundo del espect\u00e1culo, de la m\u00fasica y el audiovisual. Se trata di una p\u00e1gina con una rica oferta cultural para disfrutar desde el hogar que permite a [&hellip;]","protected":false},"author":1,"featured_media":0,"comment_status":"","ping_status":"","sticky":false,"template":"","format":"standard","meta":{"footnotes":""},"tags":[],"class_list":["post-1063","post","type-post","status-publish","format-standard","hentry"],"_links":{"self":[{"href":"https:\/\/consmardelplata.esteri.it\/es\/wp-json\/wp\/v2\/posts\/1063","targetHints":{"allow":["GET"]}}],"collection":[{"href":"https:\/\/consmardelplata.esteri.it\/es\/wp-json\/wp\/v2\/posts"}],"about":[{"href":"https:\/\/consmardelplata.esteri.it\/es\/wp-json\/wp\/v2\/types\/post"}],"author":[{"embeddable":true,"href":"https:\/\/consmardelplata.esteri.it\/es\/wp-json\/wp\/v2\/users\/1"}],"replies":[{"embeddable":true,"href":"https:\/\/consmardelplata.esteri.it\/es\/wp-json\/wp\/v2\/comments?post=1063"}],"version-history":[{"count":0,"href":"https:\/\/consmardelplata.esteri.it\/es\/wp-json\/wp\/v2\/posts\/1063\/revisions"}],"wp:attachment":[{"href":"https:\/\/consmardelplata.esteri.it\/es\/wp-json\/wp\/v2\/media?parent=1063"}],"wp:term":[{"taxonomy":"post_tag","embeddable":true,"href":"https:\/\/consmardelplata.esteri.it\/es\/wp-json\/wp\/v2\/tags?post=1063"}],"curies":[{"name":"wp","href":"https:\/\/api.w.org\/{rel}","templated":true}]}}