{"id":1065,"date":"2020-04-01T18:07:24","date_gmt":"2020-04-01T21:07:24","guid":{"rendered":"https:\/\/consmardelplata.esteri.it\/news\/dal_consolato\/2020\/04\/weareitaly-l-italia-a-portata-di-2\/"},"modified":"2020-04-01T18:07:24","modified_gmt":"2020-04-01T21:07:24","slug":"weareitaly-l-italia-a-portata-di-2","status":"publish","type":"post","link":"https:\/\/consmardelplata.esteri.it\/es\/news\/dal_consolato\/2020\/04\/weareitaly-l-italia-a-portata-di-2\/","title":{"rendered":"#WeAreItaly &#8211; Italia al alcance de un clic: una iniciativa del MAECI"},"content":{"rendered":"<p>El Ministerio de Asuntos Exteriores y Cooperaci\u00f3n Internacional de Italia (MAECI) lanz\u00f3 la campa\u00f1a <strong>#WeAreItaly #StayTunedOnIt<\/strong> para difundir en el mundo la creatividad y vitalidad de la cultura italiana en los tiempos del Coronavirus.<\/p>\n<p>Andrea Bocelli, Uto Ughi, Tiziano Ferro, Nicola Piovani, Paolo Fresu, Ada Montellanico, Nek, Andrea Griminelli, Rita<br \/>Marcotulli, Fabrizio Bosso y muchos otros artistas italianos adhirieron a la iniciativa y realizaron \u00abvideomensajes\u00bb para difundir la invitaci\u00f3n a quedarnos conectados con el mundo de la cultura italiana.<\/p>\n<p>Adem\u00e1s, se difundir\u00e1n las numerosas iniciativas que en estos d\u00edas de emergencia las instituciones culturales italiana est\u00e1n preparando para ofrecer al p\u00fablico italiano e internacional moemntos exclusivos de entretenimiento cultural virtual.<\/p>\n<p>STAY TUNED ON ITALY!<\/p>\n<ul style=\"list-style-type: square;\">\n<li>Explor\u00e1 la p\u00e1gina <a href=\"https:\/\/www.esteri.it\/mae\/it\/politica_estera\/promozione-integrata-del-sistema\/weareitaly\" target=\"_blank\" rel=\"noopener\">#WeAreItaly<\/a> del MAECI con todas las propuestas culturales para disfrutar desde el hogar.<\/li>\n<li>No te pierdas los \u00abvideomensajes\u00bb de tus artistas preferios en el canal <a href=\"https:\/\/www.youtube.com\/playlist?list=PL9zh4eHRSCDl8BG-qNf3c34RPV-Vpf0oe\" target=\"_blank\" rel=\"noopener\">YouTube<\/a> del MAECI.<\/li>\n<\/ul>\n","protected":false},"excerpt":{"rendered":"El Ministerio de Asuntos Exteriores y Cooperaci\u00f3n Internacional de Italia (MAECI) lanz\u00f3 la campa\u00f1a #WeAreItaly #StayTunedOnIt para difundir en el mundo la creatividad y vitalidad de la cultura italiana en los tiempos del Coronavirus. Andrea Bocelli, Uto Ughi, Tiziano Ferro, Nicola Piovani, Paolo Fresu, Ada Montellanico, Nek, Andrea Griminelli, RitaMarcotulli, Fabrizio Bosso y muchos otros [&hellip;]","protected":false},"author":1,"featured_media":0,"comment_status":"","ping_status":"","sticky":false,"template":"","format":"standard","meta":{"footnotes":""},"tags":[],"class_list":["post-1065","post","type-post","status-publish","format-standard","hentry"],"_links":{"self":[{"href":"https:\/\/consmardelplata.esteri.it\/es\/wp-json\/wp\/v2\/posts\/1065","targetHints":{"allow":["GET"]}}],"collection":[{"href":"https:\/\/consmardelplata.esteri.it\/es\/wp-json\/wp\/v2\/posts"}],"about":[{"href":"https:\/\/consmardelplata.esteri.it\/es\/wp-json\/wp\/v2\/types\/post"}],"author":[{"embeddable":true,"href":"https:\/\/consmardelplata.esteri.it\/es\/wp-json\/wp\/v2\/users\/1"}],"replies":[{"embeddable":true,"href":"https:\/\/consmardelplata.esteri.it\/es\/wp-json\/wp\/v2\/comments?post=1065"}],"version-history":[{"count":0,"href":"https:\/\/consmardelplata.esteri.it\/es\/wp-json\/wp\/v2\/posts\/1065\/revisions"}],"wp:attachment":[{"href":"https:\/\/consmardelplata.esteri.it\/es\/wp-json\/wp\/v2\/media?parent=1065"}],"wp:term":[{"taxonomy":"post_tag","embeddable":true,"href":"https:\/\/consmardelplata.esteri.it\/es\/wp-json\/wp\/v2\/tags?post=1065"}],"curies":[{"name":"wp","href":"https:\/\/api.w.org\/{rel}","templated":true}]}}