{"id":1074,"date":"2020-03-17T20:50:56","date_gmt":"2020-03-17T23:50:56","guid":{"rendered":"https:\/\/consmardelplata.esteri.it\/news\/dal_consolato\/2020\/03\/emergenza-covid-19-tutta-l-informazione-2\/"},"modified":"2020-03-17T20:50:56","modified_gmt":"2020-03-17T23:50:56","slug":"emergenza-covid-19-tutta-l-informazione-2","status":"publish","type":"post","link":"https:\/\/consmardelplata.esteri.it\/es\/news\/dal_consolato\/2020\/03\/emergenza-covid-19-tutta-l-informazione-2\/","title":{"rendered":"Emergencia Covid-19: toda la informaci\u00f3n."},"content":{"rendered":"<p>PARA EMERGENCIAS RELACIONADAS CON ESTA SITUACI\u00d3N LLAMAR AL NUMERO DE EMERGENCIA DEL CONSULADO: <strong>0054 9223 682 6000 &#8211; 0054 9223 4261360<\/strong> O CONTACTARSE A TRAV\u00c8S DEL MAIL DE LA SECRETERIA: <a href=\"mailto:segreteria.mardelplata@esteri.it\">segreteria.mardelplata@esteri.it<\/a><a href=\"mailto:segreteria.mardelplata@esteri.it\"><\/a><\/p>\n<p>\u00a0<\/p>\n<p><strong><span style=\"text-decoration: underline;\">CIUDADANOS ITALIANOS QUE REGRESAN A ITALIA DESDE EL EXTERIOR Y CIUDADANOS EXTRANJEROS EN ITALIA<\/span><\/strong>\u00a0<\/p>\n<p><a href=\"it\/la_comunicazione\/dal_consolato\/2020\/03\/cittadini-italiani-in-rientro-dall.html\" target=\"_blank\" rel=\"noopener\">Normas para el regreso a Italia desde el exterior a partir del 28\/03.<\/a><\/p>\n<p>\u00a0<\/p>\n<p><strong><span style=\"text-decoration: underline;\">COVID-19 \u00abCORONAVIRUS\u00bb \u2013 ACTUALIZACIONES E INFORMACIONES DESDE ARGENTINA:<\/span><\/strong><\/p>\n<p><strong>Las Autoridades argentinas han anunciado el 19 de marzo de 2020 el aislamiento social preventivo y obligatorio a partir del 20 de marzo pr\u00f3ximo que impone a las personas permanecer en sus residencias habituales o en la residencia en que se encuentren hasta el pr\u00f3ximo 31 de marzo con las excepciones indicadas en el <a href=\"https:\/\/www.boletinoficial.gob.ar\/detalleAviso\/primera\/227042\/20200320\" target=\"_self\" rel=\"noopener\">Decreto de Necesidad y Urgencia n. 297\/2020.<\/a><\/strong><\/p>\n<p>El 12 de marzo fueron anunciadas nuevas medidas para mitigar la propagaci\u00f3n del Codiv-19 establecidas en el<a href=\"https:\/\/www.boletinoficial.gob.ar\/suplementos\/2020031201NS.pdf\" target=\"_self\" rel=\"noopener\"> Decreto de Necesidad y Urgencia n. 260\/2020<\/a> del cual se resumen sus principales puntos:<\/p>\n<ul>\n<li>Aislamiento obligatorio &#8211; penalmente sancionable \u2013 durante 14 d\u00edas para todos Quienes arriben al pa\u00eds habiendo transitado por \u201czonas afectadas\u201d por el virus (Estados miembros de la Uni\u00f3n Europea, miembros del Espacio Schengen, Reino Unido de Gran Breta\u00f1a e Irlanda del Norte, Estados Unidos de Am\u00e9rica, Rep\u00fablica de Corea, Estado del Jap\u00f3n, Rep\u00fablica Popular China y Rep\u00fablica Isl\u00e1mica de Ir\u00e1n);<\/li>\n<li>Aislamiento obligatorio para quienes revistan la condici\u00f3n de \u201ccasos sospechosos\u201d o posean confirmaci\u00f3n m\u00e9dica de haber contra\u00eddo el COVID \u2013 19;<\/li>\n<li>Aislamiento obligatorio para quienes arriben al pa\u00eds habiendo transitado por \u201czonas afectadas\u201d. Estas personas deber\u00e1n tambi\u00e9n brindar informaci\u00f3n sobre su itinerario y su domicilio;<\/li>\n<li>Obligaci\u00f3n de la poblaci\u00f3n de reportar s\u00edntomas compatibles con COVID -19;<\/li>\n<li>Suspensi\u00f3n de los vuelos internacionales de pasajeros provenientes de las \u201czonas afectadas\u201d, durante el plazo de TREINTA (30);<\/li>\n<li>No podr\u00e1n permanecer en el territorio nacional los extranjeros no residentes en el pa\u00eds que no den cumplimiento a la normativa sobre aislamiento obligatorio y a las medidas sanitarias vigentes;Podr\u00e1 disponerse la suspensi\u00f3n de todos los eventos masivos \u2013 como espect\u00e1culos p\u00fablicos \u2013 y el cierre de museos, centros deportivos, salas de juego piscinas, restaurantes y otros sitios de acceso p\u00fablico;<\/li>\n<li>El jefe de Gabinete podr\u00e1 redistribuir fondos p\u00fablicos para destinarlos a la emergencia coordinando su empleo, habilitando al mismo tiempo a los respectivos ministerios (salud, transporte, interior, educaci\u00f3n, trabajo, turismo y deportes, desarrollo social, defensa, Relaciones Exteriores) a tomar todas las medidas necesarias, en las distintas \u00e1reas de competencia, para afrontar la emergencia.<\/li>\n<\/ul>\n<p>Se ruega, asimismo, consultar con atenci\u00f3n el<a href=\"https:\/\/www.argentina.gob.ar\/salud\/coronavirus-COVID-19\" target=\"_self\" rel=\"noopener\"> link del Ministerio de Salud argentino<\/a> y de seguir continuamente las indicaciones oficiales de las Autoridades argentinas.<\/p>\n<p><a href=\"https:\/\/www.argentina.gob.ar\/coronavirus\/medidas-gobierno\" target=\"_self\" rel=\"noopener\">OTRAS MEDIDAS DE PREVENCI\u00d3N<\/a><\/p>\n<p>\u00a0<\/p>\n<p><span style=\"text-decoration: underline;\"><strong>COVID-19 \u00abCORONAVIRUS\u00bb &#8211; ACTUALIZACIONES E INFORMACIONES DESDE ITALIA:<\/strong><\/span><\/p>\n<p><strong>*Regreso a Italia:<\/strong> \u00bfSos un ciudadano italiano que se encuentra temporalmente en Argentina por razones de turismo o de trabajo y tu vuelo de regreso a Italia es posterior al 16\/03\/2020 o fue cancelado? Te rogamos que:<\/p>\n<ol>\n<li>te dirijas al sitio web del Ministerio de Asuntos Exteriores y Cooperaci\u00f3n Internacional de Italia, secci\u00f3n <a href=\"https:\/\/www.alitalia.com\/it_it\/volare-alitalia\/voli-speciali.html\" target=\"_self\" rel=\"noopener\">\u00abvuelos especiales\u00bb <\/a>para eventuales modificaciones y reservas de pasajes a\u00e9reos para vuelos de repatriaci\u00f3n disponibles;<\/li>\n<li>por asistencia o cuestiones consulares, contactes al Consulado General de Italia a las siguientes direcciones de correo electr\u00f3nico: <a href=\"mailto:segreteria.mardelplata@esteri.it\">segreteria.mardelplata@esteri.it<\/a>, o bien a los celulares de emergencia n. 0223 15 6826000 \/ 0223 15 4261360 (desde el exterior: +54 9223 6826000 \/ +54 9223 4261360);<\/li>\n<li>al regresar a Italia te invitamos a leer con especial atenci\u00f3n la siguiente informaci\u00f3n:<a href=\"https:\/\/www.esteri.it\/mae\/it\/ministero\/normativaonline\/decreto-iorestoacasa-domande-frequenti\/focus-ciudadanos-italiano-que-vuelven-a-italia-y-extranjeros-en-italia.html\" target=\"_self\" rel=\"noopener\"> Focus &#8211; Ciudadanos italianos que vuelven a Italia y extranjeros en Italia.<\/a><\/li>\n<\/ol>\n<p>* DCPM del 9 de marzo de 2020 #IoRestoaCasa (\u201cYo me quedo en casa\u201d): <a href=\"https:\/\/www.esteri.it\/mae\/it\/ministero\/normativaonline\/decreto-iorestoacasa-domande-frequenti\/decreto-iorestoacasa-yo-me-quedo-en-casa-preguntas-frecuentes-sobre-las-medidas-adoptadas-por-el-gobierno.html\" target=\"_self\" rel=\"noopener\">FAQ &#8211; preguntas frecuentes sobre las medidas adoptadas por el Gobierno italiano (10.03.2020)<\/a><\/p>\n<p>*La informaci\u00f3n actualizada sobre los viajes al exterior se encuentra disponible en el <a href=\"http:\/\/www.viaggiaresicuri.it\/documenti\/FOCUS%20CORONAVIRUS.pdf\" target=\"_self\" rel=\"noopener\">Focus Informativo de la Unidad de Crisis<\/a>.<\/p>\n<p>*Toda la informaci\u00f3n actualizada sobre la situaci\u00f3n en Italia podr\u00e1 ser consultada en el sitio web del <a href=\"http:\/\/www.salute.gov.it\/nuovocoronavirus\" target=\"_self\" rel=\"noopener\">Ministero della Salute italiano, en la secci\u00f3n \u00abNuovo Coronavirus\u00bb.<\/a><\/p>\n<p>\u00a0<\/p>\n<p><strong>Focus: Ciudadanos italianos que vuelven a Italia y extranjeros en Italia:\u00a0<\/strong><a href=\"https:\/\/www.esteri.it\/mae\/it\/ministero\/normativaonline\/decreto-iorestoacasa-domande-frequenti\/focus-ciudadanos-italiano-que-vuelven-a-italia-y-extranjeros-en-italia.html\">https:\/\/www.esteri.it\/mae\/it\/ministero\/normativaonline\/decreto-iorestoacasa-domande-frequenti\/focus-ciudadanos-italiano-que-vuelven-a-italia-y-extranjeros-en-italia.html<\/a>\u00a0<\/p>\n<p><strong>Decreto #IoRestoaCasa, domande frequenti sulle misure adottate dal Governo dpcm 20 marzo 2020:\u00a0<\/strong><a href=\"it\/la_comunicazione\/dal_consolato\/2020\/03\/covid-19-coronavirus-dpcm-11-marzo.html\">https:\/\/consmardelplata.esteri.it\/consolato_mardeplata\/it\/la_comunicazione\/dal_consolato\/2020\/03\/covid-19-coronavirus-dpcm-11-marzo.html<\/a><\/p>\n<p><strong>Farnesina al lavoro per una corretta informazione all\u2019estero:\u00a0<\/strong><a href=\"https:\/\/www.esteri.it\/mae\/it\/sala_stampa\/archivionotizie\/approfondimenti\/2020\/02\/farnesina-al-lavoro-per-una-corretta-informazione-all-estero.html\">https:\/\/www.esteri.it\/mae\/it\/sala_stampa\/archivionotizie\/approfondimenti\/2020\/02\/farnesina-al-lavoro-per-una-corretta-informazione-all-estero.html<\/a><\/p>\n<p><strong>Informazioni aggiornate sui viaggi all&#8217;estero sono disponibili sul Focus Informativo dell&#8217;Unit\u00e0 di Crisi della Farnesina:\u00a0<\/strong><a href=\"http:\/\/www.viaggiaresicuri.it\/documenti\/FOCUS%20CORONAVIRUS.pdf\">http:\/\/www.viaggiaresicuri.it\/documenti\/FOCUS%20CORONAVIRUS.pdf<\/a>\u00a0<\/p>\n<p><strong>Informazioni aggiornate riguardanti la situazione in Italia sono disponibili sul sito del Ministero della Salute italiano:\u00a0<\/strong><a href=\"http:\/\/www.salute.gov.it\/nuovocoronavirus\">http:\/\/www.salute.gov.it\/nuovocoronavirus<\/a><\/p>\n<p>\u00a0<\/p>\n","protected":false},"excerpt":{"rendered":"PARA EMERGENCIAS RELACIONADAS CON ESTA SITUACI\u00d3N LLAMAR AL NUMERO DE EMERGENCIA DEL CONSULADO: 0054 9223 682 6000 &#8211; 0054 9223 4261360 O CONTACTARSE A TRAV\u00c8S DEL MAIL DE LA SECRETERIA: segreteria.mardelplata@esteri.it \u00a0 CIUDADANOS ITALIANOS QUE REGRESAN A ITALIA DESDE EL EXTERIOR Y CIUDADANOS EXTRANJEROS EN ITALIA\u00a0 Normas para el regreso a Italia desde el exterior [&hellip;]","protected":false},"author":1,"featured_media":0,"comment_status":"","ping_status":"","sticky":false,"template":"","format":"standard","meta":{"footnotes":""},"tags":[],"class_list":["post-1074","post","type-post","status-publish","format-standard","hentry"],"_links":{"self":[{"href":"https:\/\/consmardelplata.esteri.it\/es\/wp-json\/wp\/v2\/posts\/1074","targetHints":{"allow":["GET"]}}],"collection":[{"href":"https:\/\/consmardelplata.esteri.it\/es\/wp-json\/wp\/v2\/posts"}],"about":[{"href":"https:\/\/consmardelplata.esteri.it\/es\/wp-json\/wp\/v2\/types\/post"}],"author":[{"embeddable":true,"href":"https:\/\/consmardelplata.esteri.it\/es\/wp-json\/wp\/v2\/users\/1"}],"replies":[{"embeddable":true,"href":"https:\/\/consmardelplata.esteri.it\/es\/wp-json\/wp\/v2\/comments?post=1074"}],"version-history":[{"count":0,"href":"https:\/\/consmardelplata.esteri.it\/es\/wp-json\/wp\/v2\/posts\/1074\/revisions"}],"wp:attachment":[{"href":"https:\/\/consmardelplata.esteri.it\/es\/wp-json\/wp\/v2\/media?parent=1074"}],"wp:term":[{"taxonomy":"post_tag","embeddable":true,"href":"https:\/\/consmardelplata.esteri.it\/es\/wp-json\/wp\/v2\/tags?post=1074"}],"curies":[{"name":"wp","href":"https:\/\/api.w.org\/{rel}","templated":true}]}}