{"id":1109,"date":"2019-09-19T18:43:35","date_gmt":"2019-09-19T21:43:35","guid":{"rendered":"https:\/\/consmardelplata.esteri.it\/news\/dal_consolato\/2019\/09\/inaugurata-in-argentina-la-prima-2\/"},"modified":"2019-09-19T18:43:35","modified_gmt":"2019-09-19T21:43:35","slug":"inaugurata-in-argentina-la-prima-2","status":"publish","type":"post","link":"https:\/\/consmardelplata.esteri.it\/es\/news\/dal_consolato\/2019\/09\/inaugurata-in-argentina-la-prima-2\/","title":{"rendered":"Se inaugur\u00f3, en Argentina, la primera c\u00e1tedra universitaria en el mundo de estudios sobre la &#8216;italicit\u00e0&#8217;."},"content":{"rendered":"<p><a href=\"https:\/\/ambbuenosaires.esteri.it\/ambasciata_buenosaires\/es\/ambasciata\/news\/dall_ambasciata\/2019\/09\/inaugurata-in-argentina-la-prima.html\" target=\"_blank\" rel=\"noopener\">Fue inaugurada en Argentina la primera c\u00e1tedra universitaria en el mundo de estudios sobre la italicit\u00e0.<\/a><\/p>\n","protected":false},"excerpt":{"rendered":"Fue inaugurada en Argentina la primera c\u00e1tedra universitaria en el mundo de estudios sobre la italicit\u00e0.","protected":false},"author":1,"featured_media":0,"comment_status":"","ping_status":"","sticky":false,"template":"","format":"standard","meta":{"footnotes":""},"tags":[],"class_list":["post-1109","post","type-post","status-publish","format-standard","hentry"],"_links":{"self":[{"href":"https:\/\/consmardelplata.esteri.it\/es\/wp-json\/wp\/v2\/posts\/1109","targetHints":{"allow":["GET"]}}],"collection":[{"href":"https:\/\/consmardelplata.esteri.it\/es\/wp-json\/wp\/v2\/posts"}],"about":[{"href":"https:\/\/consmardelplata.esteri.it\/es\/wp-json\/wp\/v2\/types\/post"}],"author":[{"embeddable":true,"href":"https:\/\/consmardelplata.esteri.it\/es\/wp-json\/wp\/v2\/users\/1"}],"replies":[{"embeddable":true,"href":"https:\/\/consmardelplata.esteri.it\/es\/wp-json\/wp\/v2\/comments?post=1109"}],"version-history":[{"count":0,"href":"https:\/\/consmardelplata.esteri.it\/es\/wp-json\/wp\/v2\/posts\/1109\/revisions"}],"wp:attachment":[{"href":"https:\/\/consmardelplata.esteri.it\/es\/wp-json\/wp\/v2\/media?parent=1109"}],"wp:term":[{"taxonomy":"post_tag","embeddable":true,"href":"https:\/\/consmardelplata.esteri.it\/es\/wp-json\/wp\/v2\/tags?post=1109"}],"curies":[{"name":"wp","href":"https:\/\/api.w.org\/{rel}","templated":true}]}}