{"id":1121,"date":"2019-04-03T14:07:16","date_gmt":"2019-04-03T17:07:16","guid":{"rendered":"https:\/\/consmardelplata.esteri.it\/news\/dal_consolato\/2019\/04\/concorso-xv-premio-internazionale-2\/"},"modified":"2019-04-03T14:07:16","modified_gmt":"2019-04-03T17:07:16","slug":"concorso-xv-premio-internazionale-2","status":"publish","type":"post","link":"https:\/\/consmardelplata.esteri.it\/es\/news\/dal_consolato\/2019\/04\/concorso-xv-premio-internazionale-2\/","title":{"rendered":"Concurso &#8211; XV Premio Internacional Flaiano de Italian\u00edstica"},"content":{"rendered":"<p>Se informa que la Asociaci\u00f3n Cultural Ennio Flaiano, en colaboraci\u00f3n con el Ministesrio de Relaciones Exteriores y de la Cooperaci\u00f3n Internacional, anuncia el XV Premio Internacional Flaiano de Italian\u00edstica. El Premio Flaiano valoriza el trabajo de los <em>italianistas<\/em> en el mundo y, en diversas realidades geogr\u00e1ficas, goza de notables consideraciones entre los estudiosos del sector.<\/p>\n<p>Para las modalidades de presentaci\u00f3n de las solicitudes, consultar las correspondientes <a href=\"resource\/doc\/2019\/04\/bando_ita_2019.pdf\" target=\"_self\" rel=\"noopener\">bases <\/a>del premio.<\/p>\n","protected":false},"excerpt":{"rendered":"Se informa que la Asociaci\u00f3n Cultural Ennio Flaiano, en colaboraci\u00f3n con el Ministesrio de Relaciones Exteriores y de la Cooperaci\u00f3n Internacional, anuncia el XV Premio Internacional Flaiano de Italian\u00edstica. El Premio Flaiano valoriza el trabajo de los italianistas en el mundo y, en diversas realidades geogr\u00e1ficas, goza de notables consideraciones entre los estudiosos del sector. [&hellip;]","protected":false},"author":1,"featured_media":0,"comment_status":"","ping_status":"","sticky":false,"template":"","format":"standard","meta":{"footnotes":""},"tags":[],"class_list":["post-1121","post","type-post","status-publish","format-standard","hentry"],"_links":{"self":[{"href":"https:\/\/consmardelplata.esteri.it\/es\/wp-json\/wp\/v2\/posts\/1121","targetHints":{"allow":["GET"]}}],"collection":[{"href":"https:\/\/consmardelplata.esteri.it\/es\/wp-json\/wp\/v2\/posts"}],"about":[{"href":"https:\/\/consmardelplata.esteri.it\/es\/wp-json\/wp\/v2\/types\/post"}],"author":[{"embeddable":true,"href":"https:\/\/consmardelplata.esteri.it\/es\/wp-json\/wp\/v2\/users\/1"}],"replies":[{"embeddable":true,"href":"https:\/\/consmardelplata.esteri.it\/es\/wp-json\/wp\/v2\/comments?post=1121"}],"version-history":[{"count":0,"href":"https:\/\/consmardelplata.esteri.it\/es\/wp-json\/wp\/v2\/posts\/1121\/revisions"}],"wp:attachment":[{"href":"https:\/\/consmardelplata.esteri.it\/es\/wp-json\/wp\/v2\/media?parent=1121"}],"wp:term":[{"taxonomy":"post_tag","embeddable":true,"href":"https:\/\/consmardelplata.esteri.it\/es\/wp-json\/wp\/v2\/tags?post=1121"}],"curies":[{"name":"wp","href":"https:\/\/api.w.org\/{rel}","templated":true}]}}