{"id":1123,"date":"2019-04-02T20:21:53","date_gmt":"2019-04-02T23:21:53","guid":{"rendered":"https:\/\/consmardelplata.esteri.it\/news\/dal_consolato\/2019\/04\/tour-mondiale-del-concorso-sanremo-2\/"},"modified":"2019-04-02T20:21:53","modified_gmt":"2019-04-02T23:21:53","slug":"tour-mondiale-del-concorso-sanremo-2","status":"publish","type":"post","link":"https:\/\/consmardelplata.esteri.it\/es\/news\/dal_consolato\/2019\/04\/tour-mondiale-del-concorso-sanremo-2\/","title":{"rendered":"Gira mundial del Concorso Sanremo Giovani"},"content":{"rendered":"<p>El Istituto Italiano di Cultura de Buenos Aires organiza en el Teatro Coliseo la \u00fanica cita sudamericana de <strong>la primera edici\u00f3n del Tour Mundial Sanremo Giovani<\/strong>, que tocar\u00e1 los 5 continentes en las ciudades de Tunes, Tokyo, Sydney, Buenos Aires, Toronto, Barcelona y Bruselas. Se exhibir\u00e1n los cantantes que ganaron en diciembre de 2018 el principal certamen italiano que desde 1993 selecciona las propuestas de \u201cmusica leggera\u201d de los m\u00e1s talentosos j\u00f3venes emergentes italianos. Protagonistas de la primera gira mundial, organizada por el Ministerio de Relaciones Exteriores de Italia y RAI, en colaboraci\u00f3n con el Festival de Sanremo, ser\u00e1n: <a href=\"https:\/\/www.facebook.com\/EinarOrtizOfficial\/\" target=\"_self\" rel=\"noopener\">Einar<\/a>, <a href=\"https:\/\/www.youtube.com\/channel\/UCAvDL_Um9IIpqoDeYXbVU-Q\" target=\"_self\" rel=\"noopener\">Deschema<\/a>, <a href=\"https:\/\/www.youtube.com\/watch?v=inyxKevcpx8\" target=\"_self\" rel=\"noopener\">La Rua <\/a>y <a href=\"https:\/\/www.facebook.com\/NyvinneOfficial\/\" target=\"_self\" rel=\"noopener\">Nyvinne<\/a>. Ser\u00e1n acompa\u00f1ados por 5 m\u00fasicos de la grande Orquesta Sinf\u00f3nica de la RAI, dirigida por el <strong>Maestro Maurizio Filardo<\/strong>. El programa, con la curadur\u00eda de <strong>Claudio Baglioni<\/strong> y Maurizio Filardo, ofrecer\u00e1 temas originales y cover famosas. Esta primera edici\u00f3n del SGWT apunta a transformarse en una cita fija de la promoci\u00f3n de la canci\u00f3n italiana en el exterior y de sus j\u00f3venes protagonistas.<\/p>\n<p>Presentador del evento en Buenos Aires ser\u00e1<strong> Iv\u00e1n de Pineda<\/strong><\/p>\n<p>Artista argentina invitada: <a href=\"https:\/\/www.facebook.com\/VictoriaBernardii\/reviews\/?ref=page_internal\" target=\"_self\" rel=\"noopener\">Victoria Bernardi<\/a><\/p>\n<p>(Courtesy of SONY Argentina)<\/p>\n<p>Auspicia el Consulado General de Italia en Buenos Aires<\/p>\n<p><strong>Martes 9 de abril, 20:30h<\/strong><\/p>\n<p><strong>Las entradas se entregan en la boleter\u00eda del Teatro Coliseo unicamente a partir del d\u00eda 3 de abril, de martes a s\u00e1bado de 12 a 20 hs. M\u00e1ximo 4 por persona.<\/strong><\/p>\n<p><span style=\"text-decoration: underline;\">En el marco del programa Vivere all&#8217;Italiana<\/span><\/p>\n<p><span style=\"text-decoration: underline;\">Informes<\/span><\/p>\n<p>Fecha: Mar 9 Abr 2019<\/p>\n<p>Horario: A Las 20:30<\/p>\n<p>Organizado por : Istituto Italiano di Cultura<\/p>\n<p>En colaboraci\u00f3n con : Sanremo Giovani, MAECI, Rai<\/p>\n<p>Entrada : Gratuita<\/p>\n<p>Lugar: Teatro Coliseo, Marcelo T. de Alvear 1125<\/p>\n<p>\u00a0<\/p>\n","protected":false},"excerpt":{"rendered":"El Istituto Italiano di Cultura de Buenos Aires organiza en el Teatro Coliseo la \u00fanica cita sudamericana de la primera edici\u00f3n del Tour Mundial Sanremo Giovani, que tocar\u00e1 los 5 continentes en las ciudades de Tunes, Tokyo, Sydney, Buenos Aires, Toronto, Barcelona y Bruselas. Se exhibir\u00e1n los cantantes que ganaron en diciembre de 2018 el [&hellip;]","protected":false},"author":1,"featured_media":0,"comment_status":"","ping_status":"","sticky":false,"template":"","format":"standard","meta":{"footnotes":""},"tags":[],"class_list":["post-1123","post","type-post","status-publish","format-standard","hentry"],"_links":{"self":[{"href":"https:\/\/consmardelplata.esteri.it\/es\/wp-json\/wp\/v2\/posts\/1123","targetHints":{"allow":["GET"]}}],"collection":[{"href":"https:\/\/consmardelplata.esteri.it\/es\/wp-json\/wp\/v2\/posts"}],"about":[{"href":"https:\/\/consmardelplata.esteri.it\/es\/wp-json\/wp\/v2\/types\/post"}],"author":[{"embeddable":true,"href":"https:\/\/consmardelplata.esteri.it\/es\/wp-json\/wp\/v2\/users\/1"}],"replies":[{"embeddable":true,"href":"https:\/\/consmardelplata.esteri.it\/es\/wp-json\/wp\/v2\/comments?post=1123"}],"version-history":[{"count":0,"href":"https:\/\/consmardelplata.esteri.it\/es\/wp-json\/wp\/v2\/posts\/1123\/revisions"}],"wp:attachment":[{"href":"https:\/\/consmardelplata.esteri.it\/es\/wp-json\/wp\/v2\/media?parent=1123"}],"wp:term":[{"taxonomy":"post_tag","embeddable":true,"href":"https:\/\/consmardelplata.esteri.it\/es\/wp-json\/wp\/v2\/tags?post=1123"}],"curies":[{"name":"wp","href":"https:\/\/api.w.org\/{rel}","templated":true}]}}