{"id":1392,"date":"2023-11-06T10:21:24","date_gmt":"2023-11-06T13:21:24","guid":{"rendered":"https:\/\/consmardelplata.esteri.it\/?p=1392"},"modified":"2023-11-06T13:56:27","modified_gmt":"2023-11-06T16:56:27","slug":"settimana-della-cucina-italiana-nel-mondo-a-mar-del-plata-edizione-2023","status":"publish","type":"post","link":"https:\/\/consmardelplata.esteri.it\/es\/news\/dal_consolato\/2023\/11\/settimana-della-cucina-italiana-nel-mondo-a-mar-del-plata-edizione-2023\/","title":{"rendered":"Semana de la Cocina Italiana en el Mundo en Mar Del Plata \u2013 Edici\u00f3n 2023"},"content":{"rendered":"<p>Del 13 al 19 de noviembre tendr\u00e1 lugar la VIII edici\u00f3n de la Semana de la Cocina Italiana en el Mundo titulada <strong>\u201cA tavola con la cucina italiana: il benessere con gusto\u201d<\/strong>.<\/p>\n<p>Con motivo de la semana, diversos restaurantes, bares y pizzer\u00edas de la ciudad de Mar del Plata ofrecer\u00e1n un men\u00fa especial para celebrar juntos la cocina italiana como parte de la iniciativa <strong>\u201cOggi mangio italiano\u201d<\/strong>. Ser\u00e1n reconocibles gracias al logo de la semana de la cocina italiana formado por 2 cubiertos, uno verde y otro rojo.<\/p>\n<p>La semana tambi\u00e9n se caracterizar\u00e1 por una gran cantidad de eventos organizados por las numerosas instituciones italianas de Mar del Plata.<\/p>\n<p>A continuaci\u00f3n, se detallan las principales iniciativas gratuitas y abiertas a todo p\u00fablico, llevadas a cabo por el Consulado junto con socios locales:<\/p>\n<p>&nbsp;<\/p>\n<p style=\"text-align: center;\"><strong>14 de noviembre \u2013 17hs.<br \/>\n<\/strong>Restaurante T\u00edo Curzio, Av. Col\u00f3n 846 (Mar del Plata)<\/p>\n<p style=\"text-align: center;\">Masterclass <strong>\u201cSettimana della Cucina dell\u2019Emilia Romagna \u2013 Cucinare in famiglia\u201d<\/strong>, con la participaci\u00f3n del chef de Casa Artusi Renato Bolsieri. Organizado en colaboraci\u00f3n con el COMITES de Mar del Plata y la Regi\u00f3n de Emilia Romagna.<\/p>\n<p style=\"text-align: center;\"><strong>16 y 17 de noviembre \u2013 18hs.<br \/>\n<\/strong>Federaci\u00f3n de Sociedades Italianas de Mar del Plata, La Rioja 2043 (Mar del Plata)<\/p>\n<p style=\"text-align: center;\">Masterclass <strong>\u201cLa cucina e le Regioni d\u2019Italia\u201d<\/strong>. Organizado en colaboraci\u00f3n con la Federaci\u00f3n de Sociedades Italianas de Mar del Plata.<\/p>\n<p><strong>\u00a0<\/strong><\/p>\n","protected":false},"excerpt":{"rendered":"Del 13 al 19 de noviembre tendr\u00e1 lugar la VIII edici\u00f3n de la Semana de la Cocina Italiana en el Mundo titulada \u201cA tavola con la cucina italiana: il benessere con gusto\u201d. Con motivo de la semana, diversos restaurantes, bares y pizzer\u00edas de la ciudad de Mar del Plata ofrecer\u00e1n un men\u00fa especial para celebrar [&hellip;]","protected":false},"author":6,"featured_media":1390,"comment_status":"closed","ping_status":"closed","sticky":false,"template":"","format":"standard","meta":{"footnotes":""},"tags":[],"class_list":["post-1392","post","type-post","status-publish","format-standard","has-post-thumbnail","hentry"],"_links":{"self":[{"href":"https:\/\/consmardelplata.esteri.it\/es\/wp-json\/wp\/v2\/posts\/1392","targetHints":{"allow":["GET"]}}],"collection":[{"href":"https:\/\/consmardelplata.esteri.it\/es\/wp-json\/wp\/v2\/posts"}],"about":[{"href":"https:\/\/consmardelplata.esteri.it\/es\/wp-json\/wp\/v2\/types\/post"}],"author":[{"embeddable":true,"href":"https:\/\/consmardelplata.esteri.it\/es\/wp-json\/wp\/v2\/users\/6"}],"replies":[{"embeddable":true,"href":"https:\/\/consmardelplata.esteri.it\/es\/wp-json\/wp\/v2\/comments?post=1392"}],"version-history":[{"count":4,"href":"https:\/\/consmardelplata.esteri.it\/es\/wp-json\/wp\/v2\/posts\/1392\/revisions"}],"predecessor-version":[{"id":1401,"href":"https:\/\/consmardelplata.esteri.it\/es\/wp-json\/wp\/v2\/posts\/1392\/revisions\/1401"}],"wp:featuredmedia":[{"embeddable":true,"href":"https:\/\/consmardelplata.esteri.it\/es\/wp-json\/wp\/v2\/media\/1390"}],"wp:attachment":[{"href":"https:\/\/consmardelplata.esteri.it\/es\/wp-json\/wp\/v2\/media?parent=1392"}],"wp:term":[{"taxonomy":"post_tag","embeddable":true,"href":"https:\/\/consmardelplata.esteri.it\/es\/wp-json\/wp\/v2\/tags?post=1392"}],"curies":[{"name":"wp","href":"https:\/\/api.w.org\/{rel}","templated":true}]}}