{"id":2294,"date":"2024-03-26T12:40:18","date_gmt":"2024-03-26T15:40:18","guid":{"rendered":"https:\/\/consmardelplata.esteri.it\/?p=2294"},"modified":"2024-03-26T13:20:15","modified_gmt":"2024-03-26T16:20:15","slug":"acto-cultural-raices-y-tradiciones","status":"publish","type":"post","link":"https:\/\/consmardelplata.esteri.it\/es\/news\/dal_consolato\/2024\/03\/acto-cultural-raices-y-tradiciones\/","title":{"rendered":"Acto cultural ra\u00edces y tradiciones"},"content":{"rendered":"<p>En el marco de la \u201cSettimana Abruzzese a Mar del Plata\u201d, se presenta el \u201c<strong>Acto cultural ra\u00edces y tradiciones<\/strong>\u201d que se llevar\u00e1 a cabo el pr\u00f3ximo sabado <strong>6 de abril a las 20hs<\/strong> en el <strong>Teatro Vorterix<\/strong> de Mar del Plata (Diagonal Pueyrred\u00f3n 3338). La entrada &#8211; libre y gratuita &#8211; se retira por boleter\u00eda hasta agotar capacidad.<\/p>\n<p>Durante el evento, el C\u00f3nsul de Italia en Mar del Plata presentar\u00e1 el proyecto <strong>Turismo de las Ra\u00edces<\/strong>, realizado por el <strong>Ministerio de Asuntos Exteriores<\/strong> de Italia, con iniciativas en el \u00e1mbito tur\u00edstico para los italianos en el exterior y los italo-descendientes. En especial, se presentar\u00e1 la <strong>Tarjeta Italea<\/strong> (Italea Card), un instrumento para disfrutar de ventajas y descuentos para quienes quieran viajar a Italia a descubrir sus ra\u00edces. Para m\u00e1s informaci\u00f3n y conocer todas las oportunidades visitar el sitio web dedicado:\u00a0 <a href=\"https:\/\/italeacard.com\/es\">https:\/\/italeacard.com\/es<\/a> .<\/p>\n<p>El evento concluir\u00e1 con el espect\u00e1culo musical \u201cEl vestido de Dora\u201d realizado por Maxi Manzo, coordinador por la regi\u00f3n Abruzzo del proyecto Turismo de las Ra\u00edces.<\/p>\n","protected":false},"excerpt":{"rendered":"En el marco de la \u201cSettimana Abruzzese a Mar del Plata\u201d, se presenta el \u201cActo cultural ra\u00edces y tradiciones\u201d que se llevar\u00e1 a cabo el pr\u00f3ximo sabado 6 de abril a las 20hs en el Teatro Vorterix de Mar del Plata (Diagonal Pueyrred\u00f3n 3338). La entrada &#8211; libre y gratuita &#8211; se retira por boleter\u00eda [&hellip;]","protected":false},"author":6,"featured_media":2316,"comment_status":"closed","ping_status":"closed","sticky":false,"template":"","format":"standard","meta":{"footnotes":""},"tags":[],"class_list":["post-2294","post","type-post","status-publish","format-standard","has-post-thumbnail","hentry"],"_links":{"self":[{"href":"https:\/\/consmardelplata.esteri.it\/es\/wp-json\/wp\/v2\/posts\/2294","targetHints":{"allow":["GET"]}}],"collection":[{"href":"https:\/\/consmardelplata.esteri.it\/es\/wp-json\/wp\/v2\/posts"}],"about":[{"href":"https:\/\/consmardelplata.esteri.it\/es\/wp-json\/wp\/v2\/types\/post"}],"author":[{"embeddable":true,"href":"https:\/\/consmardelplata.esteri.it\/es\/wp-json\/wp\/v2\/users\/6"}],"replies":[{"embeddable":true,"href":"https:\/\/consmardelplata.esteri.it\/es\/wp-json\/wp\/v2\/comments?post=2294"}],"version-history":[{"count":1,"href":"https:\/\/consmardelplata.esteri.it\/es\/wp-json\/wp\/v2\/posts\/2294\/revisions"}],"predecessor-version":[{"id":2297,"href":"https:\/\/consmardelplata.esteri.it\/es\/wp-json\/wp\/v2\/posts\/2294\/revisions\/2297"}],"wp:featuredmedia":[{"embeddable":true,"href":"https:\/\/consmardelplata.esteri.it\/es\/wp-json\/wp\/v2\/media\/2316"}],"wp:attachment":[{"href":"https:\/\/consmardelplata.esteri.it\/es\/wp-json\/wp\/v2\/media?parent=2294"}],"wp:term":[{"taxonomy":"post_tag","embeddable":true,"href":"https:\/\/consmardelplata.esteri.it\/es\/wp-json\/wp\/v2\/tags?post=2294"}],"curies":[{"name":"wp","href":"https:\/\/api.w.org\/{rel}","templated":true}]}}