{"id":2700,"date":"2024-09-03T14:28:34","date_gmt":"2024-09-03T17:28:34","guid":{"rendered":"https:\/\/consmardelplata.esteri.it\/?p=2700"},"modified":"2024-09-03T14:42:55","modified_gmt":"2024-09-03T17:42:55","slug":"judecit-juegos-deportivo-y-culturales-italianos","status":"publish","type":"post","link":"https:\/\/consmardelplata.esteri.it\/es\/news\/dal_consolato\/2024\/09\/judecit-juegos-deportivo-y-culturales-italianos\/","title":{"rendered":"JUDECIT &#8211; Juegos deportivo y culturales italianos"},"content":{"rendered":"<p>En el marco de la primera edici\u00f3n de la \u00ab<strong><em>Giornata dello Sport Italiano nel Mondo<\/em><\/strong>\u00ab, el pr\u00f3ximo lunes <strong>9 de septiembre<\/strong> se realizar\u00e1 en el Centro Abruzzese Marplatense la <strong>segunda edici\u00f3n de los<\/strong> <strong>JUDECIT<\/strong> (juegos deportivos y culturales italianos). El evento, organizado por el Consulado de Italia en Mar del Plata en colaboraci\u00f3n con las escuelas que forman parte de <strong>ACAESIT<\/strong> y del <strong>COMITES<\/strong> local, contar\u00e1 con la participaci\u00f3n de 8 escuelas y 270 alumnos.<\/p>\n<p>&nbsp;<\/p>\n","protected":false},"excerpt":{"rendered":"En el marco de la primera edici\u00f3n de la \u00abGiornata dello Sport Italiano nel Mondo\u00ab, el pr\u00f3ximo lunes 9 de septiembre se realizar\u00e1 en el Centro Abruzzese Marplatense la segunda edici\u00f3n de los JUDECIT (juegos deportivos y culturales italianos). El evento, organizado por el Consulado de Italia en Mar del Plata en colaboraci\u00f3n con las [&hellip;]","protected":false},"author":6,"featured_media":2698,"comment_status":"closed","ping_status":"closed","sticky":false,"template":"","format":"standard","meta":{"footnotes":""},"tags":[],"class_list":["post-2700","post","type-post","status-publish","format-standard","has-post-thumbnail","hentry"],"_links":{"self":[{"href":"https:\/\/consmardelplata.esteri.it\/es\/wp-json\/wp\/v2\/posts\/2700","targetHints":{"allow":["GET"]}}],"collection":[{"href":"https:\/\/consmardelplata.esteri.it\/es\/wp-json\/wp\/v2\/posts"}],"about":[{"href":"https:\/\/consmardelplata.esteri.it\/es\/wp-json\/wp\/v2\/types\/post"}],"author":[{"embeddable":true,"href":"https:\/\/consmardelplata.esteri.it\/es\/wp-json\/wp\/v2\/users\/6"}],"replies":[{"embeddable":true,"href":"https:\/\/consmardelplata.esteri.it\/es\/wp-json\/wp\/v2\/comments?post=2700"}],"version-history":[{"count":1,"href":"https:\/\/consmardelplata.esteri.it\/es\/wp-json\/wp\/v2\/posts\/2700\/revisions"}],"predecessor-version":[{"id":2701,"href":"https:\/\/consmardelplata.esteri.it\/es\/wp-json\/wp\/v2\/posts\/2700\/revisions\/2701"}],"wp:featuredmedia":[{"embeddable":true,"href":"https:\/\/consmardelplata.esteri.it\/es\/wp-json\/wp\/v2\/media\/2698"}],"wp:attachment":[{"href":"https:\/\/consmardelplata.esteri.it\/es\/wp-json\/wp\/v2\/media?parent=2700"}],"wp:term":[{"taxonomy":"post_tag","embeddable":true,"href":"https:\/\/consmardelplata.esteri.it\/es\/wp-json\/wp\/v2\/tags?post=2700"}],"curies":[{"name":"wp","href":"https:\/\/api.w.org\/{rel}","templated":true}]}}