{"id":2982,"date":"2024-12-02T11:20:52","date_gmt":"2024-12-02T14:20:52","guid":{"rendered":"https:\/\/consmardelplata.esteri.it\/?p=2982"},"modified":"2024-12-02T11:36:53","modified_gmt":"2024-12-02T14:36:53","slug":"muestra-de-arte-en-el-museo-mar","status":"publish","type":"post","link":"https:\/\/consmardelplata.esteri.it\/es\/news\/dal_consolato\/2024\/12\/muestra-de-arte-en-el-museo-mar\/","title":{"rendered":"Muestra de arte en el Museo MAR"},"content":{"rendered":"<p>El s\u00e1bado 7 de diciembre de 2024, a las 18:00 horas, tendr\u00e1 lugar la presentaci\u00f3n de la exposici\u00f3n de arte <strong>\u201cLo que la noche le cuenta al d\u00eda\u201d<\/strong> en el Museo MAR de Mar del Plata (Av. F\u00e9lix U. Camet y L\u00f3pez de Gomara).<\/p>\n<p>El Dr.<strong> Diego Sileo, director art\u00edstico del Pabell\u00f3n de Arte Contempor\u00e1neo (PAC) de Mil\u00e1n<\/strong> y co-curador de la iniciativa, participar\u00e1 en la inauguraci\u00f3n.<\/p>\n<p>La exposici\u00f3n podr\u00e1 visitarse gratuitamente hasta el 20 de abril de 2025 en el horario de apertura del Museo MAR, que puede consultarse en <a href=\"https:\/\/www.gba.gob.ar\/museo_mar\">https:\/\/www.gba.gob.ar\/museo_mar<\/a>.<\/p>\n","protected":false},"excerpt":{"rendered":"El s\u00e1bado 7 de diciembre de 2024, a las 18:00 horas, tendr\u00e1 lugar la presentaci\u00f3n de la exposici\u00f3n de arte \u201cLo que la noche le cuenta al d\u00eda\u201d en el Museo MAR de Mar del Plata (Av. F\u00e9lix U. Camet y L\u00f3pez de Gomara). El Dr. Diego Sileo, director art\u00edstico del Pabell\u00f3n de Arte Contempor\u00e1neo [&hellip;]","protected":false},"author":6,"featured_media":3007,"comment_status":"closed","ping_status":"closed","sticky":false,"template":"","format":"standard","meta":{"footnotes":""},"tags":[],"class_list":["post-2982","post","type-post","status-publish","format-standard","has-post-thumbnail","hentry"],"_links":{"self":[{"href":"https:\/\/consmardelplata.esteri.it\/es\/wp-json\/wp\/v2\/posts\/2982","targetHints":{"allow":["GET"]}}],"collection":[{"href":"https:\/\/consmardelplata.esteri.it\/es\/wp-json\/wp\/v2\/posts"}],"about":[{"href":"https:\/\/consmardelplata.esteri.it\/es\/wp-json\/wp\/v2\/types\/post"}],"author":[{"embeddable":true,"href":"https:\/\/consmardelplata.esteri.it\/es\/wp-json\/wp\/v2\/users\/6"}],"replies":[{"embeddable":true,"href":"https:\/\/consmardelplata.esteri.it\/es\/wp-json\/wp\/v2\/comments?post=2982"}],"version-history":[{"count":1,"href":"https:\/\/consmardelplata.esteri.it\/es\/wp-json\/wp\/v2\/posts\/2982\/revisions"}],"predecessor-version":[{"id":2984,"href":"https:\/\/consmardelplata.esteri.it\/es\/wp-json\/wp\/v2\/posts\/2982\/revisions\/2984"}],"wp:featuredmedia":[{"embeddable":true,"href":"https:\/\/consmardelplata.esteri.it\/es\/wp-json\/wp\/v2\/media\/3007"}],"wp:attachment":[{"href":"https:\/\/consmardelplata.esteri.it\/es\/wp-json\/wp\/v2\/media?parent=2982"}],"wp:term":[{"taxonomy":"post_tag","embeddable":true,"href":"https:\/\/consmardelplata.esteri.it\/es\/wp-json\/wp\/v2\/tags?post=2982"}],"curies":[{"name":"wp","href":"https:\/\/api.w.org\/{rel}","templated":true}]}}