{"id":3230,"date":"2025-02-05T14:37:06","date_gmt":"2025-02-05T17:37:06","guid":{"rendered":"https:\/\/consmardelplata.esteri.it\/?p=3230"},"modified":"2025-03-20T15:24:50","modified_gmt":"2025-03-20T18:24:50","slug":"convocatoria-de-esponsoreo-2025","status":"publish","type":"post","link":"https:\/\/consmardelplata.esteri.it\/es\/news\/dal_consolato\/2025\/02\/convocatoria-de-esponsoreo-2025\/","title":{"rendered":"Convocatoria de esponsoreo &#8211; 2025"},"content":{"rendered":"<p>Les informamos que se encuentra a disposici\u00f3n\u00a0el<strong> aviso p\u00fablico<\/strong> para la <strong>b\u00fasqueda y selecci\u00f3n de esponsor<\/strong> para las actividades de promoci\u00f3n organizadas por el Consulado de Italia en Mar del Plata en ocasi\u00f3n de la celebraci\u00f3n de la Fiesta de la Rep\u00fablica Italiana. Se podr\u00e1n presentar las <strong>manifestaciones de inter\u00e9s<\/strong> <strong>hasta el 28 de marzo de 2025<\/strong> como indicado en la <strong><a href=\"https:\/\/consmardelplata.esteri.it\/wp-content\/uploads\/2025\/02\/Ulteriore-proroga-termine-manifestazioni-di-interesse-sponsor-2025-ITA-ESP_Firmato.pdf\">ulterior pr\u00f3rroga<\/a>.<\/strong><\/p>\n<p>Los eventos representan una oportunidad importante para la participaci\u00f3n de la colectividad italiana con el objetivo de honrar los or\u00edgenes italianos y reforzar los lazos entre Italia y Argentina.<\/p>\n<p>Descargar aqu\u00ed:<\/p>\n<p><a href=\"https:\/\/consmardelplata.esteri.it\/wp-content\/uploads\/2025\/02\/Avviso-Manifestazione-di-interesse-sponsorizzazione-2025-ITA_Firmato.pdf\">AVISO AL P\u00daBLICO en italiano<\/a>;<\/p>\n<p><a href=\"https:\/\/consmardelplata.esteri.it\/wp-content\/uploads\/2025\/02\/Avviso-Manifestazione-di-interesse-sponsorizzazione-2025-SPA_Firmato.pdf\">AVISO AL P\u00daBLICO en castellano<\/a>;<\/p>\n<p><a href=\"https:\/\/consmardelplata.esteri.it\/wp-content\/uploads\/2025\/02\/Formulario-AVVISO-SPONSORIZZAZIONE-anno-2025-1.docx\">FORMULARIO DE MANIFESTACI\u00d3N DE INTER\u00c9S<\/a><\/p>\n<p><a href=\"https:\/\/consmardelplata.esteri.it\/wp-content\/uploads\/2025\/02\/Proroga-del-termine-per-la-Manifestazione-di-interesse-sponsorizzazione-2025-ITA-ESP_Firmato.pdf\">Pr\u00f3rroga al 21 de marzo de 2025<\/a><\/p>\n","protected":false},"excerpt":{"rendered":"Les informamos que se encuentra a disposici\u00f3n\u00a0el aviso p\u00fablico para la b\u00fasqueda y selecci\u00f3n de esponsor para las actividades de promoci\u00f3n organizadas por el Consulado de Italia en Mar del Plata en ocasi\u00f3n de la celebraci\u00f3n de la Fiesta de la Rep\u00fablica Italiana. Se podr\u00e1n presentar las manifestaciones de inter\u00e9s hasta el 28 de marzo [&hellip;]","protected":false},"author":6,"featured_media":3240,"comment_status":"closed","ping_status":"closed","sticky":false,"template":"","format":"standard","meta":{"footnotes":""},"tags":[],"class_list":["post-3230","post","type-post","status-publish","format-standard","has-post-thumbnail","hentry"],"_links":{"self":[{"href":"https:\/\/consmardelplata.esteri.it\/es\/wp-json\/wp\/v2\/posts\/3230","targetHints":{"allow":["GET"]}}],"collection":[{"href":"https:\/\/consmardelplata.esteri.it\/es\/wp-json\/wp\/v2\/posts"}],"about":[{"href":"https:\/\/consmardelplata.esteri.it\/es\/wp-json\/wp\/v2\/types\/post"}],"author":[{"embeddable":true,"href":"https:\/\/consmardelplata.esteri.it\/es\/wp-json\/wp\/v2\/users\/6"}],"replies":[{"embeddable":true,"href":"https:\/\/consmardelplata.esteri.it\/es\/wp-json\/wp\/v2\/comments?post=3230"}],"version-history":[{"count":6,"href":"https:\/\/consmardelplata.esteri.it\/es\/wp-json\/wp\/v2\/posts\/3230\/revisions"}],"predecessor-version":[{"id":3554,"href":"https:\/\/consmardelplata.esteri.it\/es\/wp-json\/wp\/v2\/posts\/3230\/revisions\/3554"}],"wp:featuredmedia":[{"embeddable":true,"href":"https:\/\/consmardelplata.esteri.it\/es\/wp-json\/wp\/v2\/media\/3240"}],"wp:attachment":[{"href":"https:\/\/consmardelplata.esteri.it\/es\/wp-json\/wp\/v2\/media?parent=3230"}],"wp:term":[{"taxonomy":"post_tag","embeddable":true,"href":"https:\/\/consmardelplata.esteri.it\/es\/wp-json\/wp\/v2\/tags?post=3230"}],"curies":[{"name":"wp","href":"https:\/\/api.w.org\/{rel}","templated":true}]}}