{"id":3565,"date":"2025-03-24T11:36:35","date_gmt":"2025-03-24T14:36:35","guid":{"rendered":"https:\/\/consmardelplata.esteri.it\/?p=3565"},"modified":"2025-03-24T11:41:11","modified_gmt":"2025-03-24T14:41:11","slug":"campana-fe-de-vida-2025","status":"publish","type":"post","link":"https:\/\/consmardelplata.esteri.it\/es\/news\/dal_consolato\/2025\/03\/campana-fe-de-vida-2025\/","title":{"rendered":"Campa\u00f1a Fe de Vida 2025"},"content":{"rendered":"<p>Se comunica el inicio de la campa\u00f1a para la\u00a0<strong>certificaci\u00f3n de Fe de Vida<\/strong>\u00a0del per\u00edodo 2025-2026 para las personas que perciben la jubilaci\u00f3n en el extranjero<\/p>\n<p>A partir del 20 de marzo de 2025, empezar\u00e1 el env\u00edo de la carta explicativa y del m\u00f3dulo standard de atestaci\u00f3n a los jubilados residentes en esta circunscripci\u00f3n consular, los cuales deber\u00e1n entregarla antes del 15 de julio de 2025<\/p>\n<p>Se informa que se llevaran adelante las siguientes modalidades para el desarrollo de la campa\u00f1a de Fe de Vida para los pensionados INPS residentes en la circunscripci\u00f3n del Consulado de Mar del Plata:<\/p>\n<p>\u2013\u00a0<strong>A trav\u00e9s de los Patronatos:<\/strong>\u00a0los patronatos convocar\u00e1n a los pensionados a los que se les asignar\u00e1 un turno en la sede consular, establecido por la oficina de Pensiones, para la autenticaci\u00f3n de la firma<\/p>\n<p>El Consulado autenticar\u00e1 la firma del pensionado en el certificado y lo devolver\u00e1 al patronato correspondiente<\/p>\n<p>\u2013\u00a0<strong>A trav\u00e9s de la\u00a0 Oficina consular<\/strong>: se activa la disponibilidad de la video llamada, previa solicitud de turno a trav\u00e9s del mail:\u00a0<a href=\"mailto:pensioni.mardelplata@esteri.it\"><strong>pensioni.mardelplata@esteri.it<\/strong><\/a> , el cual deber\u00e1 contener en adjunto copia del DNI y el n\u00famero de contacto de WhatsApp \u00a0al que se comunicar\u00e1 el personal de este Consulado, para la verificaci\u00f3n.<\/p>\n<p>Tel\u00e9fono:\u00a0<strong>+54 9 223 422 2109<\/strong>\u00a0(lunes a viernes, de 9:00 a11:00 hs.)<\/p>\n<p>En caso de necesidad, si ruega contactar a la <strong>Oficina de Pensiones<\/strong> <strong>del Consulado de Italia en Mar del Plata<\/strong>.<\/p>\n<p>email:\u00a0<a href=\"mailto:pensioni.mardelplata@esteri.it\">pensioni.mardelplata@esteri.it<\/a><\/p>\n","protected":false},"excerpt":{"rendered":"Se comunica el inicio de la campa\u00f1a para la\u00a0certificaci\u00f3n de Fe de Vida\u00a0del per\u00edodo 2025-2026 para las personas que perciben la jubilaci\u00f3n en el extranjero A partir del 20 de marzo de 2025, empezar\u00e1 el env\u00edo de la carta explicativa y del m\u00f3dulo standard de atestaci\u00f3n a los jubilados residentes en esta circunscripci\u00f3n consular, los [&hellip;]","protected":false},"author":6,"featured_media":3560,"comment_status":"closed","ping_status":"closed","sticky":false,"template":"","format":"standard","meta":{"footnotes":""},"tags":[],"class_list":["post-3565","post","type-post","status-publish","format-standard","has-post-thumbnail","hentry"],"_links":{"self":[{"href":"https:\/\/consmardelplata.esteri.it\/es\/wp-json\/wp\/v2\/posts\/3565","targetHints":{"allow":["GET"]}}],"collection":[{"href":"https:\/\/consmardelplata.esteri.it\/es\/wp-json\/wp\/v2\/posts"}],"about":[{"href":"https:\/\/consmardelplata.esteri.it\/es\/wp-json\/wp\/v2\/types\/post"}],"author":[{"embeddable":true,"href":"https:\/\/consmardelplata.esteri.it\/es\/wp-json\/wp\/v2\/users\/6"}],"replies":[{"embeddable":true,"href":"https:\/\/consmardelplata.esteri.it\/es\/wp-json\/wp\/v2\/comments?post=3565"}],"version-history":[{"count":1,"href":"https:\/\/consmardelplata.esteri.it\/es\/wp-json\/wp\/v2\/posts\/3565\/revisions"}],"predecessor-version":[{"id":3567,"href":"https:\/\/consmardelplata.esteri.it\/es\/wp-json\/wp\/v2\/posts\/3565\/revisions\/3567"}],"wp:featuredmedia":[{"embeddable":true,"href":"https:\/\/consmardelplata.esteri.it\/es\/wp-json\/wp\/v2\/media\/3560"}],"wp:attachment":[{"href":"https:\/\/consmardelplata.esteri.it\/es\/wp-json\/wp\/v2\/media?parent=3565"}],"wp:term":[{"taxonomy":"post_tag","embeddable":true,"href":"https:\/\/consmardelplata.esteri.it\/es\/wp-json\/wp\/v2\/tags?post=3565"}],"curies":[{"name":"wp","href":"https:\/\/api.w.org\/{rel}","templated":true}]}}