{"id":3693,"date":"2025-04-02T11:06:51","date_gmt":"2025-04-02T14:06:51","guid":{"rendered":"https:\/\/consmardelplata.esteri.it\/?p=3693"},"modified":"2025-04-03T11:37:21","modified_gmt":"2025-04-03T14:37:21","slug":"referendums-derogatorios-2025","status":"publish","type":"post","link":"https:\/\/consmardelplata.esteri.it\/es\/news\/dal_consolato\/2025\/04\/referendums-derogatorios-2025\/","title":{"rendered":"Refer\u00e9ndums derogatorios 2025"},"content":{"rendered":"<p>Con decretos del Presidente de la Rep\u00fablica del 31\/03\/2025, publicados en la \u201c<em>Gazzetta Ufficiale<\/em>\u201d del 31\/03\/2025, se fij\u00f3 la fecha de los refer\u00e9ndums derogatorios ex art. 75 de la Constituci\u00f3n para los d\u00edas 8 y 9 de junio de 2025.<\/p>\n<p>Para mayor informaci\u00f3n visitar la secci\u00f3n <a href=\"https:\/\/consmardelplata.esteri.it\/es\/servizi-consolari-e-visti\/servizi-per-il-cittadino-italiano\/servizi-elettorali\/referendum-consultas-populares\/referendums-derogatorios-2025-2\/\">\u00abReferendum abrogativi 2025\u00bb<\/a><\/p>\n","protected":false},"excerpt":{"rendered":"Con decretos del Presidente de la Rep\u00fablica del 31\/03\/2025, publicados en la \u201cGazzetta Ufficiale\u201d del 31\/03\/2025, se fij\u00f3 la fecha de los refer\u00e9ndums derogatorios ex art. 75 de la Constituci\u00f3n para los d\u00edas 8 y 9 de junio de 2025. Para mayor informaci\u00f3n visitar la secci\u00f3n \u00abReferendum abrogativi 2025\u00bb","protected":false},"author":9,"featured_media":3704,"comment_status":"closed","ping_status":"closed","sticky":true,"template":"","format":"standard","meta":{"footnotes":""},"tags":[8],"class_list":["post-3693","post","type-post","status-publish","format-standard","has-post-thumbnail","hentry","tag-elezioni"],"_links":{"self":[{"href":"https:\/\/consmardelplata.esteri.it\/es\/wp-json\/wp\/v2\/posts\/3693","targetHints":{"allow":["GET"]}}],"collection":[{"href":"https:\/\/consmardelplata.esteri.it\/es\/wp-json\/wp\/v2\/posts"}],"about":[{"href":"https:\/\/consmardelplata.esteri.it\/es\/wp-json\/wp\/v2\/types\/post"}],"author":[{"embeddable":true,"href":"https:\/\/consmardelplata.esteri.it\/es\/wp-json\/wp\/v2\/users\/9"}],"replies":[{"embeddable":true,"href":"https:\/\/consmardelplata.esteri.it\/es\/wp-json\/wp\/v2\/comments?post=3693"}],"version-history":[{"count":2,"href":"https:\/\/consmardelplata.esteri.it\/es\/wp-json\/wp\/v2\/posts\/3693\/revisions"}],"predecessor-version":[{"id":3707,"href":"https:\/\/consmardelplata.esteri.it\/es\/wp-json\/wp\/v2\/posts\/3693\/revisions\/3707"}],"wp:featuredmedia":[{"embeddable":true,"href":"https:\/\/consmardelplata.esteri.it\/es\/wp-json\/wp\/v2\/media\/3704"}],"wp:attachment":[{"href":"https:\/\/consmardelplata.esteri.it\/es\/wp-json\/wp\/v2\/media?parent=3693"}],"wp:term":[{"taxonomy":"post_tag","embeddable":true,"href":"https:\/\/consmardelplata.esteri.it\/es\/wp-json\/wp\/v2\/tags?post=3693"}],"curies":[{"name":"wp","href":"https:\/\/api.w.org\/{rel}","templated":true}]}}