{"id":782,"date":"2023-05-24T14:37:53","date_gmt":"2023-05-24T17:37:53","guid":{"rendered":"https:\/\/consmardelplata.esteri.it\/news\/dal_consolato\/2023\/05\/77-anniversario-della-repubblica-2\/"},"modified":"2023-10-12T10:05:07","modified_gmt":"2023-10-12T13:05:07","slug":"77-anniversario-della-repubblica-2","status":"publish","type":"post","link":"https:\/\/consmardelplata.esteri.it\/es\/news\/dal_consolato\/2023\/05\/77-anniversario-della-repubblica-2\/","title":{"rendered":"77 ANIVERSARIO DE LA REP\u00daBLICA ITALIANA"},"content":{"rendered":"<p>El pr\u00f3ximo 2 de junio se celebra el 77 Aniversario de la Rep\u00fablica Italiana. El C\u00f3nsul de Italia en Mar del Plata tiene el honor de invitar a toda la comunidad italiana a participar de los festejos en memoria de esta fecha tan importante en la historia de nuestro pa\u00eds.<\/p>\n<p>A las 11:00hs se realizar\u00e1 el acto protocolar en la Plazoleta Capitolina ubicada en Paseo D\u00e1vila, entre San Luis y 11 de Septiembre, Mar del Plata.<\/p>\n<p>A las 20:00hs se presentar\u00e1 en el Teatro Municipal Col\u00f3n de Mar del Plata (H. Yrigoyen n. 1665) el Maestro Nello Salza, la \u201cTrompeta del Cine\u201d, junto a la Orquestra Sinf\u00f3nica Municipal de Mar del Plata con un homenaje al Maestro Ennio Morricone. El evento es organizado en colaboraci\u00f3n con la Municipalidad de General Pueyrred\u00f3n y la Federaci\u00f3n de Sociedades Italianas de Mar del Plata. El n\u00famero de asientos disponibles es limitado y los mismos ser\u00e1n asignados gratuitamente por orden de llegada. Se requiere vestimenta elegante.<\/p>\n","protected":false},"excerpt":{"rendered":"El pr\u00f3ximo 2 de junio se celebra el 77 Aniversario de la Rep\u00fablica Italiana. El C\u00f3nsul de Italia en Mar del Plata tiene el honor de invitar a toda la comunidad italiana a participar de los festejos en memoria de esta fecha tan importante en la historia de nuestro pa\u00eds. A las 11:00hs se realizar\u00e1 [&hellip;]","protected":false},"author":1,"featured_media":0,"comment_status":"closed","ping_status":"closed","sticky":false,"template":"","format":"standard","meta":{"footnotes":""},"tags":[],"class_list":["post-782","post","type-post","status-publish","format-standard","hentry"],"_links":{"self":[{"href":"https:\/\/consmardelplata.esteri.it\/es\/wp-json\/wp\/v2\/posts\/782","targetHints":{"allow":["GET"]}}],"collection":[{"href":"https:\/\/consmardelplata.esteri.it\/es\/wp-json\/wp\/v2\/posts"}],"about":[{"href":"https:\/\/consmardelplata.esteri.it\/es\/wp-json\/wp\/v2\/types\/post"}],"author":[{"embeddable":true,"href":"https:\/\/consmardelplata.esteri.it\/es\/wp-json\/wp\/v2\/users\/1"}],"replies":[{"embeddable":true,"href":"https:\/\/consmardelplata.esteri.it\/es\/wp-json\/wp\/v2\/comments?post=782"}],"version-history":[{"count":1,"href":"https:\/\/consmardelplata.esteri.it\/es\/wp-json\/wp\/v2\/posts\/782\/revisions"}],"predecessor-version":[{"id":1318,"href":"https:\/\/consmardelplata.esteri.it\/es\/wp-json\/wp\/v2\/posts\/782\/revisions\/1318"}],"wp:attachment":[{"href":"https:\/\/consmardelplata.esteri.it\/es\/wp-json\/wp\/v2\/media?parent=782"}],"wp:term":[{"taxonomy":"post_tag","embeddable":true,"href":"https:\/\/consmardelplata.esteri.it\/es\/wp-json\/wp\/v2\/tags?post=782"}],"curies":[{"name":"wp","href":"https:\/\/api.w.org\/{rel}","templated":true}]}}