{"id":802,"date":"2023-02-09T17:29:37","date_gmt":"2023-02-09T20:29:37","guid":{"rendered":"https:\/\/consmardelplata.esteri.it\/news\/dal_consolato\/2023\/02\/attenzione-appertura-profilo-instagram-2\/"},"modified":"2023-02-09T17:29:37","modified_gmt":"2023-02-09T20:29:37","slug":"attenzione-appertura-profilo-instagram-2","status":"publish","type":"post","link":"https:\/\/consmardelplata.esteri.it\/es\/news\/dal_consolato\/2023\/02\/attenzione-appertura-profilo-instagram-2\/","title":{"rendered":"ATENCI\u00d3N: APERTURA PERFIL INSTAGRAM DEL CONSULADO"},"content":{"rendered":"<p>El Consulado de Italia en Mar del Plata ha abierto su perfil oficial de Instagram (@ItalyinMDP).<\/p>\n<p>El objetivo es utilizar este canal de comunicaci\u00f3n para dar a conocer las principales actividades que realiza el Consulado a un p\u00fablico m\u00e1s amplio, proporcionando tambi\u00e9n informaci\u00f3n y novedades \u00fatiles para los usuarios.<\/p>\n<p>Pueden visitar el perfil Instagram del Consulado de Italia en Mar del Plata a trav\u00e9s de este enlace:<\/p>\n<p><a href=\"https:\/\/www.instagram.com\/italyinmdp\/\">@ItalyinMDP<\/a><\/p>\n<p>Los invitamos a seguirnos para recibir todas las actualizaciones y estar siempre informados sobre las actividades y eventos promovidos por el Consulado.<\/p>\n","protected":false},"excerpt":{"rendered":"El Consulado de Italia en Mar del Plata ha abierto su perfil oficial de Instagram (@ItalyinMDP). El objetivo es utilizar este canal de comunicaci\u00f3n para dar a conocer las principales actividades que realiza el Consulado a un p\u00fablico m\u00e1s amplio, proporcionando tambi\u00e9n informaci\u00f3n y novedades \u00fatiles para los usuarios. Pueden visitar el perfil Instagram del [&hellip;]","protected":false},"author":1,"featured_media":0,"comment_status":"","ping_status":"","sticky":false,"template":"","format":"standard","meta":{"footnotes":""},"tags":[],"class_list":["post-802","post","type-post","status-publish","format-standard","hentry"],"_links":{"self":[{"href":"https:\/\/consmardelplata.esteri.it\/es\/wp-json\/wp\/v2\/posts\/802","targetHints":{"allow":["GET"]}}],"collection":[{"href":"https:\/\/consmardelplata.esteri.it\/es\/wp-json\/wp\/v2\/posts"}],"about":[{"href":"https:\/\/consmardelplata.esteri.it\/es\/wp-json\/wp\/v2\/types\/post"}],"author":[{"embeddable":true,"href":"https:\/\/consmardelplata.esteri.it\/es\/wp-json\/wp\/v2\/users\/1"}],"replies":[{"embeddable":true,"href":"https:\/\/consmardelplata.esteri.it\/es\/wp-json\/wp\/v2\/comments?post=802"}],"version-history":[{"count":0,"href":"https:\/\/consmardelplata.esteri.it\/es\/wp-json\/wp\/v2\/posts\/802\/revisions"}],"wp:attachment":[{"href":"https:\/\/consmardelplata.esteri.it\/es\/wp-json\/wp\/v2\/media?parent=802"}],"wp:term":[{"taxonomy":"post_tag","embeddable":true,"href":"https:\/\/consmardelplata.esteri.it\/es\/wp-json\/wp\/v2\/tags?post=802"}],"curies":[{"name":"wp","href":"https:\/\/api.w.org\/{rel}","templated":true}]}}