{"id":814,"date":"2022-11-18T13:58:52","date_gmt":"2022-11-18T16:58:52","guid":{"rendered":"https:\/\/consmardelplata.esteri.it\/news\/dal_consolato\/2022\/11\/concerto-l-italia-e-la-banda-2\/"},"modified":"2022-11-18T13:58:52","modified_gmt":"2022-11-18T16:58:52","slug":"concerto-l-italia-e-la-banda-2","status":"publish","type":"post","link":"https:\/\/consmardelplata.esteri.it\/es\/news\/dal_consolato\/2022\/11\/concerto-l-italia-e-la-banda-2\/","title":{"rendered":"Concierto L&#8217;Italia e la Banda"},"content":{"rendered":"<p style=\"text-align: justify;\">El Consulado de Italia en Mar del Plata presenta el concierto <strong>\u00abL\u2019Italia e la Banda&#8230;\u00bb<\/strong> que tendr\u00e1 lugar en el Teatro Col\u00f3n de Mar del Plata el viernes 2 de diciembre a partir de las 21:00 horas.<\/p>\n<p style=\"text-align: justify;\">La iniciativa, realizada en colaboraci\u00f3n con la Municipalidad de General Purreydon y el COMITES de Mar del Plata, contar\u00e1 con la participaci\u00f3n del Maestro italiano <strong>Nicola Cotugno<\/strong> como director invitado especial del evento. Se presentar\u00e1n piezas de la tradici\u00f3n italiana, incluido un homenaje al Maestro Ennio Morricone.<\/p>\n<p style=\"text-align: justify;\">La entrada es gratuita. El n\u00famero de plazas disponibles es limitado y se garantizar\u00e1 la entrada por orden de llegada.<\/p>\n","protected":false},"excerpt":{"rendered":"El Consulado de Italia en Mar del Plata presenta el concierto \u00abL\u2019Italia e la Banda&#8230;\u00bb que tendr\u00e1 lugar en el Teatro Col\u00f3n de Mar del Plata el viernes 2 de diciembre a partir de las 21:00 horas. La iniciativa, realizada en colaboraci\u00f3n con la Municipalidad de General Purreydon y el COMITES de Mar del Plata, [&hellip;]","protected":false},"author":1,"featured_media":0,"comment_status":"","ping_status":"","sticky":false,"template":"","format":"standard","meta":{"footnotes":""},"tags":[],"class_list":["post-814","post","type-post","status-publish","format-standard","hentry"],"_links":{"self":[{"href":"https:\/\/consmardelplata.esteri.it\/es\/wp-json\/wp\/v2\/posts\/814","targetHints":{"allow":["GET"]}}],"collection":[{"href":"https:\/\/consmardelplata.esteri.it\/es\/wp-json\/wp\/v2\/posts"}],"about":[{"href":"https:\/\/consmardelplata.esteri.it\/es\/wp-json\/wp\/v2\/types\/post"}],"author":[{"embeddable":true,"href":"https:\/\/consmardelplata.esteri.it\/es\/wp-json\/wp\/v2\/users\/1"}],"replies":[{"embeddable":true,"href":"https:\/\/consmardelplata.esteri.it\/es\/wp-json\/wp\/v2\/comments?post=814"}],"version-history":[{"count":0,"href":"https:\/\/consmardelplata.esteri.it\/es\/wp-json\/wp\/v2\/posts\/814\/revisions"}],"wp:attachment":[{"href":"https:\/\/consmardelplata.esteri.it\/es\/wp-json\/wp\/v2\/media?parent=814"}],"wp:term":[{"taxonomy":"post_tag","embeddable":true,"href":"https:\/\/consmardelplata.esteri.it\/es\/wp-json\/wp\/v2\/tags?post=814"}],"curies":[{"name":"wp","href":"https:\/\/api.w.org\/{rel}","templated":true}]}}