{"id":834,"date":"2022-08-08T20:18:11","date_gmt":"2022-08-08T23:18:11","guid":{"rendered":"https:\/\/consmardelplata.esteri.it\/news\/dal_consolato\/2022\/08\/elezioni-politiche-2022-presentazione-2\/"},"modified":"2022-08-08T20:18:11","modified_gmt":"2022-08-08T23:18:11","slug":"elezioni-politiche-2022-presentazione-2","status":"publish","type":"post","link":"https:\/\/consmardelplata.esteri.it\/es\/news\/dal_consolato\/2022\/08\/elezioni-politiche-2022-presentazione-2\/","title":{"rendered":"Elecciones pol\u00edticas 2022 &#8211; Presentaci\u00f3n y Aceptaci\u00f3n de candidaturas"},"content":{"rendered":"<p>A continuaci\u00f3n el link de la p\u00e1gina del Ministerio del Interior, donde es posible encontrar la documentaci\u00f3n relativa a la presentaci\u00f3n y aceptaci\u00f3n de las candidaturas para las elecciones pol\u00edticas 2022: <a href=\"https:\/\/dait.interno.gov.it\/elezioni\/documentazione\">https:\/\/dait.interno.gov.it\/elezioni\/documentazione<\/a><\/p>\n<p>Eventuales consultas o aclaraciones interpretativas deber\u00e1n ser dirigidas unicamente por los interesados directamente a los \u00f3rganos competentes para la presentaci\u00f3n y admisi\u00f3n de las candidaturas (no a trav\u00e9s de Embajadas y Consulados).<\/p>\n<p>Las listas de los candidatos deben ser presentadas a la \u00abCancelleria della Corte di Appello\u00bb de Roma desde las 8 horas del d\u00eda 35 (es decir domingo 21 de Agosto) hasta las 20 horas del del d\u00eda 34 previo al de las votaciones (es decir lunes 22 de Agosto).<\/p>\n<p>La oficina electoral estar\u00e1 disponible en los horarios de atenci\u00f3n al p\u00fablico para tomar los avales de las listas. El turno deber\u00e1 solicitarse al siguiente mail: <a href=\"mailto:elettor.mardelplata@esteri.it\">elettor.mardelplata@esteri.it<\/a> \u00a0poniendo en copia a la Secretar\u00eda del Consulado\u00a0( <a href=\"mailto:segreteria.mardelplata@esteri.it\">segreteria.mardelplata@esteri.it<\/a> ).<\/p>\n<p>\u00a0<\/p>\n","protected":false},"excerpt":{"rendered":"A continuaci\u00f3n el link de la p\u00e1gina del Ministerio del Interior, donde es posible encontrar la documentaci\u00f3n relativa a la presentaci\u00f3n y aceptaci\u00f3n de las candidaturas para las elecciones pol\u00edticas 2022: https:\/\/dait.interno.gov.it\/elezioni\/documentazione Eventuales consultas o aclaraciones interpretativas deber\u00e1n ser dirigidas unicamente por los interesados directamente a los \u00f3rganos competentes para la presentaci\u00f3n y admisi\u00f3n de [&hellip;]","protected":false},"author":1,"featured_media":0,"comment_status":"","ping_status":"","sticky":false,"template":"","format":"standard","meta":{"footnotes":""},"tags":[],"class_list":["post-834","post","type-post","status-publish","format-standard","hentry"],"_links":{"self":[{"href":"https:\/\/consmardelplata.esteri.it\/es\/wp-json\/wp\/v2\/posts\/834","targetHints":{"allow":["GET"]}}],"collection":[{"href":"https:\/\/consmardelplata.esteri.it\/es\/wp-json\/wp\/v2\/posts"}],"about":[{"href":"https:\/\/consmardelplata.esteri.it\/es\/wp-json\/wp\/v2\/types\/post"}],"author":[{"embeddable":true,"href":"https:\/\/consmardelplata.esteri.it\/es\/wp-json\/wp\/v2\/users\/1"}],"replies":[{"embeddable":true,"href":"https:\/\/consmardelplata.esteri.it\/es\/wp-json\/wp\/v2\/comments?post=834"}],"version-history":[{"count":0,"href":"https:\/\/consmardelplata.esteri.it\/es\/wp-json\/wp\/v2\/posts\/834\/revisions"}],"wp:attachment":[{"href":"https:\/\/consmardelplata.esteri.it\/es\/wp-json\/wp\/v2\/media?parent=834"}],"wp:term":[{"taxonomy":"post_tag","embeddable":true,"href":"https:\/\/consmardelplata.esteri.it\/es\/wp-json\/wp\/v2\/tags?post=834"}],"curies":[{"name":"wp","href":"https:\/\/api.w.org\/{rel}","templated":true}]}}