{"id":852,"date":"2022-05-27T16:40:31","date_gmt":"2022-05-27T19:40:31","guid":{"rendered":"https:\/\/consmardelplata.esteri.it\/news\/dal_consolato\/2022\/05\/76-anniversario-della-repubblica-2\/"},"modified":"2022-05-27T16:40:31","modified_gmt":"2022-05-27T19:40:31","slug":"76-anniversario-della-repubblica-2","status":"publish","type":"post","link":"https:\/\/consmardelplata.esteri.it\/es\/news\/dal_consolato\/2022\/05\/76-anniversario-della-repubblica-2\/","title":{"rendered":"76 ANIVERSARIO DE LA REPUBLICA ITALIANA"},"content":{"rendered":"<p style=\"text-align: justify;\">El pr\u00f3ximo 2 de junio se celebra el 76 aniversario de la Rep\u00fablica Italiana. El C\u00f3nsul de Italia en Mar del Plata tiene el honor de invitar a toda la comunidad italiana a participar de los festejos en memoria de esta fecha tan importante en la historia de nuestro pa\u00eds.<\/p>\n<p style=\"text-align: justify;\">A las 12:00 horas se realizar\u00e1 el acto protocolar en la Plazoleta Capitolina en Bv. Patricio Peralta Ramos, entre San Luis y 11 de Septiembre, Mar del Plata.<\/p>\n<p style=\"text-align: justify;\">A las 20:00 horas se presentar\u00e1 en el Teatro Municipal Col\u00f3n de Mar del Plata (H. Yrigoyen n. 1665) la pianista italiana Cristina Cavalli, quien ofrecer\u00e1 un repertorio de obras tradicionales italianas y dedicar\u00e1 un homenaje al fallecido maestro Ezio Bosso. El evento es organizado en colaboraci\u00f3n con la Federaci\u00f3n de Sociedades Italianas de Mar del Plata. El n\u00famero de asientos disponibles es limitado y los mismos ser\u00e1n asignados por orden de llegada. Se requiere vestimenta elegante.<\/p>\n","protected":false},"excerpt":{"rendered":"El pr\u00f3ximo 2 de junio se celebra el 76 aniversario de la Rep\u00fablica Italiana. El C\u00f3nsul de Italia en Mar del Plata tiene el honor de invitar a toda la comunidad italiana a participar de los festejos en memoria de esta fecha tan importante en la historia de nuestro pa\u00eds. A las 12:00 horas se [&hellip;]","protected":false},"author":1,"featured_media":0,"comment_status":"","ping_status":"","sticky":false,"template":"","format":"standard","meta":{"footnotes":""},"tags":[],"class_list":["post-852","post","type-post","status-publish","format-standard","hentry"],"_links":{"self":[{"href":"https:\/\/consmardelplata.esteri.it\/es\/wp-json\/wp\/v2\/posts\/852","targetHints":{"allow":["GET"]}}],"collection":[{"href":"https:\/\/consmardelplata.esteri.it\/es\/wp-json\/wp\/v2\/posts"}],"about":[{"href":"https:\/\/consmardelplata.esteri.it\/es\/wp-json\/wp\/v2\/types\/post"}],"author":[{"embeddable":true,"href":"https:\/\/consmardelplata.esteri.it\/es\/wp-json\/wp\/v2\/users\/1"}],"replies":[{"embeddable":true,"href":"https:\/\/consmardelplata.esteri.it\/es\/wp-json\/wp\/v2\/comments?post=852"}],"version-history":[{"count":0,"href":"https:\/\/consmardelplata.esteri.it\/es\/wp-json\/wp\/v2\/posts\/852\/revisions"}],"wp:attachment":[{"href":"https:\/\/consmardelplata.esteri.it\/es\/wp-json\/wp\/v2\/media?parent=852"}],"wp:term":[{"taxonomy":"post_tag","embeddable":true,"href":"https:\/\/consmardelplata.esteri.it\/es\/wp-json\/wp\/v2\/tags?post=852"}],"curies":[{"name":"wp","href":"https:\/\/api.w.org\/{rel}","templated":true}]}}