{"id":856,"date":"2022-05-23T14:16:41","date_gmt":"2022-05-23T17:16:41","guid":{"rendered":"https:\/\/consmardelplata.esteri.it\/news\/dal_consolato\/2022\/05\/referendum-abrogativi-2022-testo-2\/"},"modified":"2022-05-23T14:16:41","modified_gmt":"2022-05-23T17:16:41","slug":"referendum-abrogativi-2022-testo-2","status":"publish","type":"post","link":"https:\/\/consmardelplata.esteri.it\/es\/news\/dal_consolato\/2022\/05\/referendum-abrogativi-2022-testo-2\/","title":{"rendered":"REFER\u00c9NDUMS DEROGATORIOS 2022 &#8211; Texto de las Consultas"},"content":{"rendered":"<p style=\"text-align: justify;\">Con los Decretos del Presidente de la Rep\u00fablica del 6 de abril de 2022, publicados en el Bolet\u00edn Oficial del 7 de abril de 2022, se anuncian 5 refer\u00e9ndums populares derogatorios.<\/p>\n<p><a href=\"https:\/\/dait.interno.gov.it\/elezioni\/speciale-referendum\" target=\"_blank\" rel=\"noopener\">Hac\u00e9 clic aqu\u00ed para leer las consultas de los refer\u00e9ndums.<\/a><\/p>\n","protected":false},"excerpt":{"rendered":"Con los Decretos del Presidente de la Rep\u00fablica del 6 de abril de 2022, publicados en el Bolet\u00edn Oficial del 7 de abril de 2022, se anuncian 5 refer\u00e9ndums populares derogatorios. Hac\u00e9 clic aqu\u00ed para leer las consultas de los refer\u00e9ndums.","protected":false},"author":1,"featured_media":0,"comment_status":"","ping_status":"","sticky":false,"template":"","format":"standard","meta":{"footnotes":""},"tags":[],"class_list":["post-856","post","type-post","status-publish","format-standard","hentry"],"_links":{"self":[{"href":"https:\/\/consmardelplata.esteri.it\/es\/wp-json\/wp\/v2\/posts\/856","targetHints":{"allow":["GET"]}}],"collection":[{"href":"https:\/\/consmardelplata.esteri.it\/es\/wp-json\/wp\/v2\/posts"}],"about":[{"href":"https:\/\/consmardelplata.esteri.it\/es\/wp-json\/wp\/v2\/types\/post"}],"author":[{"embeddable":true,"href":"https:\/\/consmardelplata.esteri.it\/es\/wp-json\/wp\/v2\/users\/1"}],"replies":[{"embeddable":true,"href":"https:\/\/consmardelplata.esteri.it\/es\/wp-json\/wp\/v2\/comments?post=856"}],"version-history":[{"count":0,"href":"https:\/\/consmardelplata.esteri.it\/es\/wp-json\/wp\/v2\/posts\/856\/revisions"}],"wp:attachment":[{"href":"https:\/\/consmardelplata.esteri.it\/es\/wp-json\/wp\/v2\/media?parent=856"}],"wp:term":[{"taxonomy":"post_tag","embeddable":true,"href":"https:\/\/consmardelplata.esteri.it\/es\/wp-json\/wp\/v2\/tags?post=856"}],"curies":[{"name":"wp","href":"https:\/\/api.w.org\/{rel}","templated":true}]}}