{"id":868,"date":"2022-05-02T16:08:59","date_gmt":"2022-05-02T19:08:59","guid":{"rendered":"https:\/\/consmardelplata.esteri.it\/news\/dal_consolato\/2022\/05\/concorso-vivo-d-arte-2022-2\/"},"modified":"2022-05-02T16:08:59","modified_gmt":"2022-05-02T19:08:59","slug":"concorso-vivo-d-arte-2022-2","status":"publish","type":"post","link":"https:\/\/consmardelplata.esteri.it\/es\/news\/dal_consolato\/2022\/05\/concorso-vivo-d-arte-2022-2\/","title":{"rendered":"Concurso \u201cVivo d\u2019Arte\u201d 2022"},"content":{"rendered":"<p>El <em>Ministero degli Affari Esteri e della Cooperazione Internazionale<\/em> (MAECI) en colaboraci\u00f3n con la <em>Fondazione Romeuropa<\/em> convoca a j\u00f3venes artistas italianos (hasta los 36 a\u00f1os) residentes en el exterior para participar del cuarto concurso \u201c<strong>Vivo d\u2019Arte<\/strong>\u201d.<\/p>\n<p>El tema del concurso para este a\u00f1o es la contaminaci\u00f3n; se recibir\u00e1n obras in\u00e9ditas de creaci\u00f3n contempor\u00e1nea desarrolladas en diferentes disciplinas: teatro, danza y m\u00fasica.<\/p>\n<p>La fecha l\u00edmite para presentar los proyectos es el <strong>08\/05\/2022<\/strong>.<\/p>\n<p><a href=\"resource\/doc\/2022\/05\/regolamento_vivo_d_arte_2022.pdf\"><strong>Convocatoria<\/strong><\/a><\/p>\n","protected":false},"excerpt":{"rendered":"El Ministero degli Affari Esteri e della Cooperazione Internazionale (MAECI) en colaboraci\u00f3n con la Fondazione Romeuropa convoca a j\u00f3venes artistas italianos (hasta los 36 a\u00f1os) residentes en el exterior para participar del cuarto concurso \u201cVivo d\u2019Arte\u201d. El tema del concurso para este a\u00f1o es la contaminaci\u00f3n; se recibir\u00e1n obras in\u00e9ditas de creaci\u00f3n contempor\u00e1nea desarrolladas en [&hellip;]","protected":false},"author":1,"featured_media":0,"comment_status":"","ping_status":"","sticky":false,"template":"","format":"standard","meta":{"footnotes":""},"tags":[],"class_list":["post-868","post","type-post","status-publish","format-standard","hentry"],"_links":{"self":[{"href":"https:\/\/consmardelplata.esteri.it\/es\/wp-json\/wp\/v2\/posts\/868","targetHints":{"allow":["GET"]}}],"collection":[{"href":"https:\/\/consmardelplata.esteri.it\/es\/wp-json\/wp\/v2\/posts"}],"about":[{"href":"https:\/\/consmardelplata.esteri.it\/es\/wp-json\/wp\/v2\/types\/post"}],"author":[{"embeddable":true,"href":"https:\/\/consmardelplata.esteri.it\/es\/wp-json\/wp\/v2\/users\/1"}],"replies":[{"embeddable":true,"href":"https:\/\/consmardelplata.esteri.it\/es\/wp-json\/wp\/v2\/comments?post=868"}],"version-history":[{"count":0,"href":"https:\/\/consmardelplata.esteri.it\/es\/wp-json\/wp\/v2\/posts\/868\/revisions"}],"wp:attachment":[{"href":"https:\/\/consmardelplata.esteri.it\/es\/wp-json\/wp\/v2\/media?parent=868"}],"wp:term":[{"taxonomy":"post_tag","embeddable":true,"href":"https:\/\/consmardelplata.esteri.it\/es\/wp-json\/wp\/v2\/tags?post=868"}],"curies":[{"name":"wp","href":"https:\/\/api.w.org\/{rel}","templated":true}]}}