{"id":913,"date":"2021-11-25T15:19:06","date_gmt":"2021-11-25T18:19:06","guid":{"rendered":"https:\/\/consmardelplata.esteri.it\/news\/dal_consolato\/2021\/11\/25-novembre-orange-the-world-giornata-2\/"},"modified":"2021-11-25T15:19:06","modified_gmt":"2021-11-25T18:19:06","slug":"25-novembre-orange-the-world-giornata-2","status":"publish","type":"post","link":"https:\/\/consmardelplata.esteri.it\/es\/news\/dal_consolato\/2021\/11\/25-novembre-orange-the-world-giornata-2\/","title":{"rendered":"25 de noviembre &#8211; \u00abOrange the world\u00bb D\u00eda Internacional de la Eliminaci\u00f3n de la Violencia contra la Mujer"},"content":{"rendered":"<p>En ocasi\u00f3n del D\u00eda Internacional de la Eliminaci\u00f3n de la Violencia contra la Mujer 2021, el Ministerio de Asuntos Exteriores italiano y su red diplom\u00e1tica adhieren a la campa\u00f1a \u201cOrange the World: End Violence against Women Now!\u201d promovida por la UN Women, dedicada este a\u00f1o a la prevenci\u00f3n de cualquier tipo de violencia de g\u00e9nero, a la escucha de las v\u00edctimas y a la superaci\u00f3n de las normas sociales discriminatorias para alcanzar una efectiva igualdad.<\/p>\n<p>La pandemia generada por el Covid-19 y el confinamiento han empeorado las condiciones de vulnerabilidad prexistentes, y han contribuido al agravamiento de los casos de violencia dom\u00e9stica y de abuso hacia las mujeres, adolescentes y ni\u00f1as en conflictos armados y\/o crisis humanitarias.<br \/>Frente a estos hechos brutales, Italia vuelve a expresar su firme condena contra todas las formas de discriminaci\u00f3n y violencia de g\u00e9nero, hechos inaceptables que impiden la igualdad de g\u00e9nero, el pleno goce de derechos y realizaci\u00f3n personal.<\/p>\n<p>A la fecha, ning\u00fan pa\u00eds en el mundo ha logrado la paridad de g\u00e9nero, por ende, toda la comunidad internacional debe perseguir con tenacidad y convicci\u00f3n esta meta irrenunciable.<\/p>\n<p>La eliminaci\u00f3n de toda forma de violencia de g\u00e9nero y el empoderamiento femenino, pilares de las acciones de la pol\u00edtica exterior y cooperaci\u00f3n italiana, han estado en el centro de la Presidencia italiana del G20 y figuran entre las prioridades del mandato italiano en el Consejo de Derechos Humanos de Naciones Unidas y del semestre de presidencia italiana del Comit\u00e9 de Ministros del Consejo de Europa, en cuyo \u00e1mbito Italia sostiene y promueve el \u201cConvenio del Consejo de Europa sobre prevenci\u00f3n y lucha contra la violencia contra las mujeres y la violencia dom\u00e9stica\u201d (Convenci\u00f3n de Estambul).<\/p>\n<p>Italia asumi\u00f3 un rol activo frente a la crisis en Afganist\u00e1n, protegiendo y promoviendo los derechos de las mujeres y ni\u00f1as afganas: su derecho a la educaci\u00f3n, a la libertad de movimiento y a la plena participaci\u00f3n en la vida p\u00fablica.<\/p>\n<p>Con respecto a la organizaci\u00f3n interna del Ministerio de Asuntos Exteriores, para asegurar la paridad de g\u00e9nero, el 15 de octubre de este a\u00f1o ha sido adoptada la Circular 3\/2021 con la cual el Ministerio se adecua a los est\u00e1ndares de promoci\u00f3n de paridad de g\u00e9nero, reafirmando la necesidad de asegurar en el trabajo el principio constitucional de igualdad, entendido como prohibici\u00f3n de la discriminaci\u00f3n y como promoci\u00f3n activa de una paridad efectiva.<\/p>\n","protected":false},"excerpt":{"rendered":"En ocasi\u00f3n del D\u00eda Internacional de la Eliminaci\u00f3n de la Violencia contra la Mujer 2021, el Ministerio de Asuntos Exteriores italiano y su red diplom\u00e1tica adhieren a la campa\u00f1a \u201cOrange the World: End Violence against Women Now!\u201d promovida por la UN Women, dedicada este a\u00f1o a la prevenci\u00f3n de cualquier tipo de violencia de g\u00e9nero, [&hellip;]","protected":false},"author":1,"featured_media":0,"comment_status":"","ping_status":"","sticky":false,"template":"","format":"standard","meta":{"footnotes":""},"tags":[],"class_list":["post-913","post","type-post","status-publish","format-standard","hentry"],"_links":{"self":[{"href":"https:\/\/consmardelplata.esteri.it\/es\/wp-json\/wp\/v2\/posts\/913","targetHints":{"allow":["GET"]}}],"collection":[{"href":"https:\/\/consmardelplata.esteri.it\/es\/wp-json\/wp\/v2\/posts"}],"about":[{"href":"https:\/\/consmardelplata.esteri.it\/es\/wp-json\/wp\/v2\/types\/post"}],"author":[{"embeddable":true,"href":"https:\/\/consmardelplata.esteri.it\/es\/wp-json\/wp\/v2\/users\/1"}],"replies":[{"embeddable":true,"href":"https:\/\/consmardelplata.esteri.it\/es\/wp-json\/wp\/v2\/comments?post=913"}],"version-history":[{"count":0,"href":"https:\/\/consmardelplata.esteri.it\/es\/wp-json\/wp\/v2\/posts\/913\/revisions"}],"wp:attachment":[{"href":"https:\/\/consmardelplata.esteri.it\/es\/wp-json\/wp\/v2\/media?parent=913"}],"wp:term":[{"taxonomy":"post_tag","embeddable":true,"href":"https:\/\/consmardelplata.esteri.it\/es\/wp-json\/wp\/v2\/tags?post=913"}],"curies":[{"name":"wp","href":"https:\/\/api.w.org\/{rel}","templated":true}]}}