{"id":964,"date":"2021-05-21T18:29:43","date_gmt":"2021-05-21T21:29:43","guid":{"rendered":"https:\/\/consmardelplata.esteri.it\/news\/dal_consolato\/2021\/05\/concorso-di-idee-sull-economia-2\/"},"modified":"2021-05-21T18:29:43","modified_gmt":"2021-05-21T21:29:43","slug":"concorso-di-idee-sull-economia-2","status":"publish","type":"post","link":"https:\/\/consmardelplata.esteri.it\/es\/news\/dal_consolato\/2021\/05\/concorso-di-idee-sull-economia-2\/","title":{"rendered":"Concurso de Ideas sobre Econom\u00eda Circular"},"content":{"rendered":"<p>La Embajada de Italia en Argentina y UBATEC, la unidad de vinculaci\u00f3n y transferencia tecnol\u00f3gica de la Universidad de Buenos Aires, con la colaboraci\u00f3n del Ministerio de Relaciones Exteriores, Comercio Internacional y Culto de la Naci\u00f3n, el Ministerio de Desarrollo Productivo de la Naci\u00f3n e InnovUp, una Asociaci\u00f3n italiana que promueve y representa el ecosistema italiano de la innovaci\u00f3n y de las startups, organizan un Concurso de ideas con el objetivo de incentivar el desarrollo de proyectos sustentables e innovadores, potenciar al ecosistema emprendedor de la Argentina y promover las relaciones entre Italia y Argentina en el sector de la innovaci\u00f3n y la econom\u00eda circular.<\/p>\n<p>Se <a href=\"https:\/\/ambbuenosaires.esteri.it\/ambasciata_buenosaires\/resource\/doc\/2021\/05\/1._bases_y_condiciones_-_concurso_de_ideas_economa_circular.docx.pdf\" target=\"_blank\" rel=\"noopener\">ADJUNTAN <\/a>las Bases y Condiciones de participaci\u00f3n al Concurso y se invita a todos los estudiantes universitarios y reci\u00e9n graduados de la Universidad (no m\u00e1s de cinco a\u00f1os), residentes en Argentina, a participar.<\/p>\n","protected":false},"excerpt":{"rendered":"La Embajada de Italia en Argentina y UBATEC, la unidad de vinculaci\u00f3n y transferencia tecnol\u00f3gica de la Universidad de Buenos Aires, con la colaboraci\u00f3n del Ministerio de Relaciones Exteriores, Comercio Internacional y Culto de la Naci\u00f3n, el Ministerio de Desarrollo Productivo de la Naci\u00f3n e InnovUp, una Asociaci\u00f3n italiana que promueve y representa el ecosistema [&hellip;]","protected":false},"author":1,"featured_media":0,"comment_status":"","ping_status":"","sticky":false,"template":"","format":"standard","meta":{"footnotes":""},"tags":[],"class_list":["post-964","post","type-post","status-publish","format-standard","hentry"],"_links":{"self":[{"href":"https:\/\/consmardelplata.esteri.it\/es\/wp-json\/wp\/v2\/posts\/964","targetHints":{"allow":["GET"]}}],"collection":[{"href":"https:\/\/consmardelplata.esteri.it\/es\/wp-json\/wp\/v2\/posts"}],"about":[{"href":"https:\/\/consmardelplata.esteri.it\/es\/wp-json\/wp\/v2\/types\/post"}],"author":[{"embeddable":true,"href":"https:\/\/consmardelplata.esteri.it\/es\/wp-json\/wp\/v2\/users\/1"}],"replies":[{"embeddable":true,"href":"https:\/\/consmardelplata.esteri.it\/es\/wp-json\/wp\/v2\/comments?post=964"}],"version-history":[{"count":0,"href":"https:\/\/consmardelplata.esteri.it\/es\/wp-json\/wp\/v2\/posts\/964\/revisions"}],"wp:attachment":[{"href":"https:\/\/consmardelplata.esteri.it\/es\/wp-json\/wp\/v2\/media?parent=964"}],"wp:term":[{"taxonomy":"post_tag","embeddable":true,"href":"https:\/\/consmardelplata.esteri.it\/es\/wp-json\/wp\/v2\/tags?post=964"}],"curies":[{"name":"wp","href":"https:\/\/api.w.org\/{rel}","templated":true}]}}