{"id":1038,"date":"2020-05-08T20:57:05","date_gmt":"2020-05-08T23:57:05","guid":{"rendered":"https:\/\/consmardelplata.esteri.it\/news\/dal_consolato\/2020\/05\/diplomazia-al-servizio-dei-connazionali\/"},"modified":"2020-05-08T20:57:05","modified_gmt":"2020-05-08T23:57:05","slug":"diplomazia-al-servizio-dei-connazionali","status":"publish","type":"post","link":"https:\/\/consmardelplata.esteri.it\/it\/news\/dal_consolato\/2020\/05\/diplomazia-al-servizio-dei-connazionali\/","title":{"rendered":"Diplomazia al servizio dei connazionali: rimpatrio di altri 100 italiani."},"content":{"rendered":"<p style=\"text-align: justify;\">CORONAVIRUS: ARGENTINA, PARTITO AEREO CON 100 ITALIANI<\/p>\n<p style=\"text-align: justify;\">(ANSA) &#8211; BUENOS AIRES, 8 MAG &#8211; Un volo speciale della compagnia Aerolineas Argentinas \u00e8 partito ieri sera dall&#8217;aeroporto internazionale di Ezeiza, a Buenos Aires, diretto a Roma, con a bordo un centinaio di italiani da tempo bloccati in Argentina dalla pandemia di coronavirus, oltre ad un piccolo numero di argentini e spagnoli residenti in Italia.<\/p>\n<p style=\"text-align: justify;\">L&#8217;operazione, la sesta da Buenos Aires dal 16 marzo, \u00e8 stata organizzata come le altre da ambasciata e consolati italiani in Argentina, nell&#8217;ambito di un piano coordinato dall&#8217;Unita&#8217; di crisi della Farnesina che finora ha permesso il rimpatrio in Italia di oltre 1.160 persone. In particolare per\u00f2 questo volo si \u00e8 avvalso anche di una collaborazione fra i governi di Roma e Buenos Aires, sia per l&#8217;utilizzazione di un aereo argentino, sia perch\u00e9 lo stesso torner\u00e0 in Sudamerica con a bordo un folto gruppo di argentini rimasti bloccati in Italia dalle restrizioni di viaggio imposte dal Covid-19.<\/p>\n<p style=\"text-align: justify;\">Si \u00e8 infine appreso che il volo AA1140, con a bordo passeggeri sistemati in base alle norme del distanziamento sociale, \u00e8 decollato alle 23:12 locali (le 4:12 italiane) e arriver\u00e0 a Fiumicino nel corso del pomeriggio di oggi.<\/p>\n<p style=\"text-align: justify;\">(ANSA). BUENOS AIRES SAL 2020-05-08 04:40<\/p>\n<p style=\"text-align: justify;\">\u00a0<\/p>\n<p style=\"text-align: justify;\"><img loading=\"lazy\" decoding=\"async\" src=\"resource\/img\/2020\/05\/news_-_08-05-20_-_volo_rimpatrio2.jpg\" alt=\"news 08 05 20 volo rimpatrio2\" width=\"500\" height=\"414\" \/><\/p>\n<p style=\"text-align: justify;\"><img loading=\"lazy\" decoding=\"async\" src=\"resource\/img\/2020\/05\/news_-_08-05-20_-_volo_rimpatrio.jpg\" alt=\"news 08 05 20 volo rimpatrio\" width=\"500\" height=\"375\" \/><\/p>\n","protected":false},"excerpt":{"rendered":"CORONAVIRUS: ARGENTINA, PARTITO AEREO CON 100 ITALIANI (ANSA) &#8211; BUENOS AIRES, 8 MAG &#8211; Un volo speciale della compagnia Aerolineas Argentinas \u00e8 partito ieri sera dall&#8217;aeroporto internazionale di Ezeiza, a Buenos Aires, diretto a Roma, con a bordo un centinaio di italiani da tempo bloccati in Argentina dalla pandemia di coronavirus, oltre ad un piccolo [&hellip;]","protected":false},"author":1,"featured_media":0,"comment_status":"","ping_status":"","sticky":false,"template":"","format":"standard","meta":{"footnotes":""},"tags":[],"class_list":["post-1038","post","type-post","status-publish","format-standard","hentry"],"_links":{"self":[{"href":"https:\/\/consmardelplata.esteri.it\/it\/wp-json\/wp\/v2\/posts\/1038","targetHints":{"allow":["GET"]}}],"collection":[{"href":"https:\/\/consmardelplata.esteri.it\/it\/wp-json\/wp\/v2\/posts"}],"about":[{"href":"https:\/\/consmardelplata.esteri.it\/it\/wp-json\/wp\/v2\/types\/post"}],"author":[{"embeddable":true,"href":"https:\/\/consmardelplata.esteri.it\/it\/wp-json\/wp\/v2\/users\/1"}],"replies":[{"embeddable":true,"href":"https:\/\/consmardelplata.esteri.it\/it\/wp-json\/wp\/v2\/comments?post=1038"}],"version-history":[{"count":0,"href":"https:\/\/consmardelplata.esteri.it\/it\/wp-json\/wp\/v2\/posts\/1038\/revisions"}],"wp:attachment":[{"href":"https:\/\/consmardelplata.esteri.it\/it\/wp-json\/wp\/v2\/media?parent=1038"}],"wp:term":[{"taxonomy":"post_tag","embeddable":true,"href":"https:\/\/consmardelplata.esteri.it\/it\/wp-json\/wp\/v2\/tags?post=1038"}],"curies":[{"name":"wp","href":"https:\/\/api.w.org\/{rel}","templated":true}]}}