{"id":2285,"date":"2024-03-26T12:40:18","date_gmt":"2024-03-26T15:40:18","guid":{"rendered":"https:\/\/consmardelplata.esteri.it\/?p=2285"},"modified":"2024-04-18T11:40:01","modified_gmt":"2024-04-18T14:40:01","slug":"atto-culturale-radici-e-tradizioni","status":"publish","type":"post","link":"https:\/\/consmardelplata.esteri.it\/it\/news\/dal_consolato\/2024\/03\/atto-culturale-radici-e-tradizioni\/","title":{"rendered":"Atto culturale radici e tradizioni"},"content":{"rendered":"<p>Nell&#8217;ambito della \u201cSettimana Abruzzese a Mar del Plata\u201d, si presenta l&#8217;<strong>Atto culturale radici e tradizioni<\/strong>\u00a0che avr\u00e0 luogo il <strong>6 aprile alle ore 20:00<\/strong> presso il <strong>Teatro Vorterix<\/strong> di Mar del Plata (Diagonal Pueyrred\u00f3n 3338). L&#8217;ingresso \u00e8 libero e gratuito. I biglietti si ritirano presso la biglietteria fino ad esaurimento posti.<\/p>\n<p>Nel corso dell&#8217;evento, il Console italiano a Mar del Plata presenter\u00e0 il progetto <strong>Turismo delle Radici<\/strong>, promosso dal <strong>Ministero degli Affari Esteri e della Cooperazione Internazionale<\/strong> italiano, con iniziative nel campo del turismo per gli italiani all&#8217;estero e gli italo-discendenti. In particolare, verr\u00e0 presentata \u201c<strong>Italea Card<\/strong>\u201d, uno strumento per godere di vantaggi e sconti per chi vuole viaggiare in Italia alla scoperta delle proprie radici. Per maggiori informazioni e conoscere tutte le opportunit\u00e0 consultare il sito dedicato: <a href=\"https:\/\/italeacard.com\">https:\/\/italeacard.com<\/a>.<\/p>\n<p>L&#8217;evento si concluder\u00e0 con lo spettacolo musicale \u201cIl vestito di Dora\u201d ad opera di Maxi Manzo, coordinatore per la Regione Abruzzo del progetto Turismo delle Radici.<\/p>\n","protected":false},"excerpt":{"rendered":"Nell&#8217;ambito della \u201cSettimana Abruzzese a Mar del Plata\u201d, si presenta l&#8217;Atto culturale radici e tradizioni\u00a0che avr\u00e0 luogo il 6 aprile alle ore 20:00 presso il Teatro Vorterix di Mar del Plata (Diagonal Pueyrred\u00f3n 3338). L&#8217;ingresso \u00e8 libero e gratuito. I biglietti si ritirano presso la biglietteria fino ad esaurimento posti. Nel corso dell&#8217;evento, il Console [&hellip;]","protected":false},"author":6,"featured_media":2319,"comment_status":"closed","ping_status":"closed","sticky":false,"template":"","format":"standard","meta":{"footnotes":""},"tags":[],"class_list":["post-2285","post","type-post","status-publish","format-standard","has-post-thumbnail","hentry"],"_links":{"self":[{"href":"https:\/\/consmardelplata.esteri.it\/it\/wp-json\/wp\/v2\/posts\/2285","targetHints":{"allow":["GET"]}}],"collection":[{"href":"https:\/\/consmardelplata.esteri.it\/it\/wp-json\/wp\/v2\/posts"}],"about":[{"href":"https:\/\/consmardelplata.esteri.it\/it\/wp-json\/wp\/v2\/types\/post"}],"author":[{"embeddable":true,"href":"https:\/\/consmardelplata.esteri.it\/it\/wp-json\/wp\/v2\/users\/6"}],"replies":[{"embeddable":true,"href":"https:\/\/consmardelplata.esteri.it\/it\/wp-json\/wp\/v2\/comments?post=2285"}],"version-history":[{"count":1,"href":"https:\/\/consmardelplata.esteri.it\/it\/wp-json\/wp\/v2\/posts\/2285\/revisions"}],"predecessor-version":[{"id":2292,"href":"https:\/\/consmardelplata.esteri.it\/it\/wp-json\/wp\/v2\/posts\/2285\/revisions\/2292"}],"wp:featuredmedia":[{"embeddable":true,"href":"https:\/\/consmardelplata.esteri.it\/it\/wp-json\/wp\/v2\/media\/2319"}],"wp:attachment":[{"href":"https:\/\/consmardelplata.esteri.it\/it\/wp-json\/wp\/v2\/media?parent=2285"}],"wp:term":[{"taxonomy":"post_tag","embeddable":true,"href":"https:\/\/consmardelplata.esteri.it\/it\/wp-json\/wp\/v2\/tags?post=2285"}],"curies":[{"name":"wp","href":"https:\/\/api.w.org\/{rel}","templated":true}]}}