{"id":2399,"date":"2024-04-15T10:06:56","date_gmt":"2024-04-15T13:06:56","guid":{"rendered":"https:\/\/consmardelplata.esteri.it\/?p=2399"},"modified":"2024-04-15T10:14:17","modified_gmt":"2024-04-15T13:14:17","slug":"25-aprile-2024-79o-anniversario-della-liberazione-ditalia","status":"publish","type":"post","link":"https:\/\/consmardelplata.esteri.it\/it\/news\/dal_consolato\/2024\/04\/25-aprile-2024-79o-anniversario-della-liberazione-ditalia\/","title":{"rendered":"25 aprile 2024 \u2013 79\u00ba Anniversario della Liberazione d\u2019Italia"},"content":{"rendered":"<p>Il 25 aprile prossimo ricorre il 79\u00ba Anniversario della Liberazione d\u2019Italia, Il Console Santo Purello ha l\u2019onore di invitare tutta la collettivit\u00e0 italiana a partecipare alle celebrazioni che si terranno gioved\u00ec 25 aprile alle ore 10:00 presso la Piazza Capitolina, sita in Paseo D\u00e1vila tra San Luis e 11 de Septiembre, Mar del Plata.<\/p>\n","protected":false},"excerpt":{"rendered":"Il 25 aprile prossimo ricorre il 79\u00ba Anniversario della Liberazione d\u2019Italia, Il Console Santo Purello ha l\u2019onore di invitare tutta la collettivit\u00e0 italiana a partecipare alle celebrazioni che si terranno gioved\u00ec 25 aprile alle ore 10:00 presso la Piazza Capitolina, sita in Paseo D\u00e1vila tra San Luis e 11 de Septiembre, Mar del Plata.","protected":false},"author":6,"featured_media":2401,"comment_status":"closed","ping_status":"closed","sticky":false,"template":"","format":"standard","meta":{"footnotes":""},"tags":[],"class_list":["post-2399","post","type-post","status-publish","format-standard","has-post-thumbnail","hentry"],"_links":{"self":[{"href":"https:\/\/consmardelplata.esteri.it\/it\/wp-json\/wp\/v2\/posts\/2399","targetHints":{"allow":["GET"]}}],"collection":[{"href":"https:\/\/consmardelplata.esteri.it\/it\/wp-json\/wp\/v2\/posts"}],"about":[{"href":"https:\/\/consmardelplata.esteri.it\/it\/wp-json\/wp\/v2\/types\/post"}],"author":[{"embeddable":true,"href":"https:\/\/consmardelplata.esteri.it\/it\/wp-json\/wp\/v2\/users\/6"}],"replies":[{"embeddable":true,"href":"https:\/\/consmardelplata.esteri.it\/it\/wp-json\/wp\/v2\/comments?post=2399"}],"version-history":[{"count":2,"href":"https:\/\/consmardelplata.esteri.it\/it\/wp-json\/wp\/v2\/posts\/2399\/revisions"}],"predecessor-version":[{"id":2408,"href":"https:\/\/consmardelplata.esteri.it\/it\/wp-json\/wp\/v2\/posts\/2399\/revisions\/2408"}],"wp:featuredmedia":[{"embeddable":true,"href":"https:\/\/consmardelplata.esteri.it\/it\/wp-json\/wp\/v2\/media\/2401"}],"wp:attachment":[{"href":"https:\/\/consmardelplata.esteri.it\/it\/wp-json\/wp\/v2\/media?parent=2399"}],"wp:term":[{"taxonomy":"post_tag","embeddable":true,"href":"https:\/\/consmardelplata.esteri.it\/it\/wp-json\/wp\/v2\/tags?post=2399"}],"curies":[{"name":"wp","href":"https:\/\/api.w.org\/{rel}","templated":true}]}}