{"id":2500,"date":"2024-05-27T12:30:59","date_gmt":"2024-05-27T15:30:59","guid":{"rendered":"https:\/\/consmardelplata.esteri.it\/?p=2500"},"modified":"2024-05-27T13:34:26","modified_gmt":"2024-05-27T16:34:26","slug":"78-anniversario-della-repubblica-italiana","status":"publish","type":"post","link":"https:\/\/consmardelplata.esteri.it\/it\/news\/dal_consolato\/2024\/05\/78-anniversario-della-repubblica-italiana\/","title":{"rendered":"78 Anniversario della Repubblica Italiana"},"content":{"rendered":"<p>Il <strong>2 giugno<\/strong> prossimo ricorre il 78 Anniversario della Repubblica Italiana. Il Console d\u2019Italia a Mar del Plata ha l\u2019onore di invitare tutta la collettivit\u00e0 italiana a partecipare alle celebrazioni in ricordo di questa importantissima data per la storia del nostro Paese.<\/p>\n<p>Alle <strong>ore 11:00<\/strong> si svolger\u00e0 l\u2019evento protocollare presso la <strong>Piazza Capitolina<\/strong> in Paseo D\u00e1vila, tra San Luis e 11 de Septiembre, Mar del Plata.<\/p>\n<p>Alle <strong>ore 18:00<\/strong> si presenter\u00e0 presso il <strong>Museo MAR<\/strong> di Mar del Plata (Avenida F\u00e9lix U. Camet e L\u00f3pez de Gomara) il <strong>film italiano \u201cMine vaganti\u201d<\/strong>, diretto dal regista Ferzan \u00d6zpetek. L\u2019entrata \u00e8 gratuita. Il numero di posti disponibili \u00e8 limitato e l\u2019entrata sar\u00e0 garantita in ordine di arrivo.<\/p>\n<p>Inoltre, l\u2019<strong>8 giugno alle ore 20:00<\/strong> si esibir\u00e0 presso il <strong>Teatro Municipal Col\u00f3n<\/strong> di Mar del Plata (H. Yrigoyen n. 1665) la <strong>pianista italiana Cristina Cavalli insieme all\u2019Orchestra Sinfonica Municipale<\/strong> di Mar del Plata. L\u2019evento e\u2019 organizzato in collaborazione con la Municipalidad de General Pueyrred\u00f3n e la Federaci\u00f3n de Sociedades Italianas de Mar del Plata. Il numero di posti disponibili \u00e8 limitato e l\u2019entrata gratuita sar\u00e0 garantita in ordine di arrivo. Si richiede abito elegante.<\/p>\n","protected":false},"excerpt":{"rendered":"Il 2 giugno prossimo ricorre il 78 Anniversario della Repubblica Italiana. Il Console d\u2019Italia a Mar del Plata ha l\u2019onore di invitare tutta la collettivit\u00e0 italiana a partecipare alle celebrazioni in ricordo di questa importantissima data per la storia del nostro Paese. Alle ore 11:00 si svolger\u00e0 l\u2019evento protocollare presso la Piazza Capitolina in Paseo [&hellip;]","protected":false},"author":6,"featured_media":2513,"comment_status":"closed","ping_status":"closed","sticky":false,"template":"","format":"standard","meta":{"footnotes":""},"tags":[],"class_list":["post-2500","post","type-post","status-publish","format-standard","has-post-thumbnail","hentry"],"_links":{"self":[{"href":"https:\/\/consmardelplata.esteri.it\/it\/wp-json\/wp\/v2\/posts\/2500","targetHints":{"allow":["GET"]}}],"collection":[{"href":"https:\/\/consmardelplata.esteri.it\/it\/wp-json\/wp\/v2\/posts"}],"about":[{"href":"https:\/\/consmardelplata.esteri.it\/it\/wp-json\/wp\/v2\/types\/post"}],"author":[{"embeddable":true,"href":"https:\/\/consmardelplata.esteri.it\/it\/wp-json\/wp\/v2\/users\/6"}],"replies":[{"embeddable":true,"href":"https:\/\/consmardelplata.esteri.it\/it\/wp-json\/wp\/v2\/comments?post=2500"}],"version-history":[{"count":2,"href":"https:\/\/consmardelplata.esteri.it\/it\/wp-json\/wp\/v2\/posts\/2500\/revisions"}],"predecessor-version":[{"id":2536,"href":"https:\/\/consmardelplata.esteri.it\/it\/wp-json\/wp\/v2\/posts\/2500\/revisions\/2536"}],"wp:featuredmedia":[{"embeddable":true,"href":"https:\/\/consmardelplata.esteri.it\/it\/wp-json\/wp\/v2\/media\/2513"}],"wp:attachment":[{"href":"https:\/\/consmardelplata.esteri.it\/it\/wp-json\/wp\/v2\/media?parent=2500"}],"wp:term":[{"taxonomy":"post_tag","embeddable":true,"href":"https:\/\/consmardelplata.esteri.it\/it\/wp-json\/wp\/v2\/tags?post=2500"}],"curies":[{"name":"wp","href":"https:\/\/api.w.org\/{rel}","templated":true}]}}