{"id":2756,"date":"2024-10-10T11:30:39","date_gmt":"2024-10-10T14:30:39","guid":{"rendered":"https:\/\/consmardelplata.esteri.it\/?p=2756"},"modified":"2024-10-10T11:53:19","modified_gmt":"2024-10-10T14:53:19","slug":"xxiv-settimana-della-lingua-italiana-nel-mondo-14-al-20-ottobre-2024","status":"publish","type":"post","link":"https:\/\/consmardelplata.esteri.it\/it\/news\/dal_consolato\/2024\/10\/xxiv-settimana-della-lingua-italiana-nel-mondo-14-al-20-ottobre-2024\/","title":{"rendered":"XXIV Settimana della Lingua Italiana nel Mondo &#8211; 14 al 20 ottobre 2024"},"content":{"rendered":"<p style=\"margin-top: 0cm; background: white;\"><span style=\"font-size: 13.5pt; font-family: 'Tahoma',sans-serif; color: #1a1a1a;\">Dal 14 al 20 ottobre avr\u00e0 luogo la XXIV edizione della Settimana della lingua <\/span><span style=\"font-size: 13.5pt; font-family: 'Tahoma',sans-serif;\">italiana nel Mondo dal titolo\u00a0<strong><span style=\"font-family: 'Tahoma',sans-serif;\">\u201cL\u2019italiano e il libro: il mondo fra le righe\u2019\u201d<\/span><\/strong>.<\/span><\/p>\n<p style=\"margin-top: 0cm; background: white;\"><span style=\"font-size: 13.5pt; font-family: 'Tahoma',sans-serif;\">La settimana sar\u00e0 caratterizzata da un nutrito numero di eventi realizzati dalle numerose scuole, universit\u00e0 e associazioni di Mar del Plata e della circoscrizione.<\/span><\/p>\n<p style=\"margin-top: 0cm; background: white;\"><span style=\"font-size: 13.5pt; font-family: 'Tahoma',sans-serif;\">La settimana sar\u00e0 chiusa dalla conferenza della Professoressa Nora Sforza intitolata <strong><span style=\"font-family: 'Tahoma',sans-serif;\">\u201cIl melodramma della nuova Italia nella musica e la letteratura di Giacomo Puccini\u201d<\/span><\/strong>\u00a0realizzato dal Consolato d\u2019Italia a Mar del Plata con la collaborazione dell\u2019associazione Dante Alighieri di Mar del Plata. L\u2019evento si terr\u00e0 <strong><span style=\"font-family: 'Tahoma',sans-serif;\">venerd\u00ec 18 ottobre<\/span><\/strong> alle <strong><span style=\"font-family: 'Tahoma',sans-serif;\">ore 18:00 presso la sede della Dante Alighieri di Mar del Plata (Bolivar 2587). Sar\u00e0 aperto al pubblico, previa iscrizione tramite mail da inviare all\u2019indirizzo secreladantemdp@esteri.it, fino ad esaurimento dei posti.<\/span><\/strong><\/span><\/p>\n<p><img loading=\"lazy\" decoding=\"async\" class=\"alignnone size-large wp-image-2766 img-fluid\" src=\"https:\/\/consmardelplata.esteri.it\/wp-content\/uploads\/2024\/10\/LOCANDINA-CONFERENZA-SFORZA-SLIM-2024-819x1024.jpeg\" alt=\"Conferenza Nora Sforza. SLIM 2024\" width=\"640\" height=\"800\" srcset=\"https:\/\/consmardelplata.esteri.it\/wp-content\/uploads\/2024\/10\/LOCANDINA-CONFERENZA-SFORZA-SLIM-2024-819x1024.jpeg 819w, https:\/\/consmardelplata.esteri.it\/wp-content\/uploads\/2024\/10\/LOCANDINA-CONFERENZA-SFORZA-SLIM-2024-240x300.jpeg 240w, https:\/\/consmardelplata.esteri.it\/wp-content\/uploads\/2024\/10\/LOCANDINA-CONFERENZA-SFORZA-SLIM-2024-768x960.jpeg 768w, https:\/\/consmardelplata.esteri.it\/wp-content\/uploads\/2024\/10\/LOCANDINA-CONFERENZA-SFORZA-SLIM-2024.jpeg 1080w\" sizes=\"auto, (max-width: 640px) 100vw, 640px\" \/><\/p>\n","protected":false},"excerpt":{"rendered":"Dal 14 al 20 ottobre avr\u00e0 luogo la XXIV edizione della Settimana della lingua italiana nel Mondo dal titolo\u00a0\u201cL\u2019italiano e il libro: il mondo fra le righe\u2019\u201d. La settimana sar\u00e0 caratterizzata da un nutrito numero di eventi realizzati dalle numerose scuole, universit\u00e0 e associazioni di Mar del Plata e della circoscrizione. La settimana sar\u00e0 chiusa [&hellip;]","protected":false},"author":6,"featured_media":2774,"comment_status":"closed","ping_status":"closed","sticky":false,"template":"","format":"standard","meta":{"footnotes":""},"tags":[],"class_list":["post-2756","post","type-post","status-publish","format-standard","has-post-thumbnail","hentry"],"_links":{"self":[{"href":"https:\/\/consmardelplata.esteri.it\/it\/wp-json\/wp\/v2\/posts\/2756","targetHints":{"allow":["GET"]}}],"collection":[{"href":"https:\/\/consmardelplata.esteri.it\/it\/wp-json\/wp\/v2\/posts"}],"about":[{"href":"https:\/\/consmardelplata.esteri.it\/it\/wp-json\/wp\/v2\/types\/post"}],"author":[{"embeddable":true,"href":"https:\/\/consmardelplata.esteri.it\/it\/wp-json\/wp\/v2\/users\/6"}],"replies":[{"embeddable":true,"href":"https:\/\/consmardelplata.esteri.it\/it\/wp-json\/wp\/v2\/comments?post=2756"}],"version-history":[{"count":3,"href":"https:\/\/consmardelplata.esteri.it\/it\/wp-json\/wp\/v2\/posts\/2756\/revisions"}],"predecessor-version":[{"id":2779,"href":"https:\/\/consmardelplata.esteri.it\/it\/wp-json\/wp\/v2\/posts\/2756\/revisions\/2779"}],"wp:featuredmedia":[{"embeddable":true,"href":"https:\/\/consmardelplata.esteri.it\/it\/wp-json\/wp\/v2\/media\/2774"}],"wp:attachment":[{"href":"https:\/\/consmardelplata.esteri.it\/it\/wp-json\/wp\/v2\/media?parent=2756"}],"wp:term":[{"taxonomy":"post_tag","embeddable":true,"href":"https:\/\/consmardelplata.esteri.it\/it\/wp-json\/wp\/v2\/tags?post=2756"}],"curies":[{"name":"wp","href":"https:\/\/api.w.org\/{rel}","templated":true}]}}