{"id":785,"date":"2023-04-14T18:31:56","date_gmt":"2023-04-14T21:31:56","guid":{"rendered":"https:\/\/consmardelplata.esteri.it\/news\/dal_consolato\/2023\/04\/25-aprile-2023-78-anniversario\/"},"modified":"2023-04-14T18:31:56","modified_gmt":"2023-04-14T21:31:56","slug":"25-aprile-2023-78-anniversario","status":"publish","type":"post","link":"https:\/\/consmardelplata.esteri.it\/it\/news\/dal_consolato\/2023\/04\/25-aprile-2023-78-anniversario\/","title":{"rendered":"25 aprile 2023 &#8211; 78\u00ba Anniversario della Liberazione d\u2019Italia"},"content":{"rendered":"<p>Il 25 aprile prossimo ricorre il <strong>78\u00ba Anniversario della Liberazione d\u2019Italia<\/strong>, Il Console Santo Purello ha l\u2019onore di invitare tutta la collettivit\u00e0 italiana a partecipare alle <strong>celebrazioni<\/strong> che si terranno marted\u00ec <strong>25 aprile alle ore 12:00 presso la Piazza Capitolina<\/strong>, sita in Paseo D\u00e1vila tra San Luis e 11 de Septiembre, Mar del Plata.<\/p>\n","protected":false},"excerpt":{"rendered":"Il 25 aprile prossimo ricorre il 78\u00ba Anniversario della Liberazione d\u2019Italia, Il Console Santo Purello ha l\u2019onore di invitare tutta la collettivit\u00e0 italiana a partecipare alle celebrazioni che si terranno marted\u00ec 25 aprile alle ore 12:00 presso la Piazza Capitolina, sita in Paseo D\u00e1vila tra San Luis e 11 de Septiembre, Mar del Plata.","protected":false},"author":1,"featured_media":0,"comment_status":"","ping_status":"","sticky":false,"template":"","format":"standard","meta":{"footnotes":""},"tags":[],"class_list":["post-785","post","type-post","status-publish","format-standard","hentry"],"_links":{"self":[{"href":"https:\/\/consmardelplata.esteri.it\/it\/wp-json\/wp\/v2\/posts\/785","targetHints":{"allow":["GET"]}}],"collection":[{"href":"https:\/\/consmardelplata.esteri.it\/it\/wp-json\/wp\/v2\/posts"}],"about":[{"href":"https:\/\/consmardelplata.esteri.it\/it\/wp-json\/wp\/v2\/types\/post"}],"author":[{"embeddable":true,"href":"https:\/\/consmardelplata.esteri.it\/it\/wp-json\/wp\/v2\/users\/1"}],"replies":[{"embeddable":true,"href":"https:\/\/consmardelplata.esteri.it\/it\/wp-json\/wp\/v2\/comments?post=785"}],"version-history":[{"count":0,"href":"https:\/\/consmardelplata.esteri.it\/it\/wp-json\/wp\/v2\/posts\/785\/revisions"}],"wp:attachment":[{"href":"https:\/\/consmardelplata.esteri.it\/it\/wp-json\/wp\/v2\/media?parent=785"}],"wp:term":[{"taxonomy":"post_tag","embeddable":true,"href":"https:\/\/consmardelplata.esteri.it\/it\/wp-json\/wp\/v2\/tags?post=785"}],"curies":[{"name":"wp","href":"https:\/\/api.w.org\/{rel}","templated":true}]}}