{"id":926,"date":"2021-10-13T20:56:16","date_gmt":"2021-10-13T23:56:16","guid":{"rendered":"https:\/\/consmardelplata.esteri.it\/news\/dal_consolato\/2021\/10\/settimana-della-lingua-italiana_0\/"},"modified":"2021-10-13T20:56:16","modified_gmt":"2021-10-13T23:56:16","slug":"settimana-della-lingua-italiana_0","status":"publish","type":"post","link":"https:\/\/consmardelplata.esteri.it\/it\/news\/dal_consolato\/2021\/10\/settimana-della-lingua-italiana_0\/","title":{"rendered":"SETTIMANA DELLA LINGUA ITALIANA NEL MONDO &#8211; FARNESINA &#8211; EDIZIONE 2021"},"content":{"rendered":"<p>Il <strong>14 ottobre<\/strong> avr\u00e0 luogo l\u2019evento di presentazione della <strong>XXI Settimana della Lingua Italiana nel Mondo (SLIM)<\/strong> alle 10, ora italiana, con il tema \u201c<strong>Dante, l\u2019italiano<\/strong>\u201d. L&#8217;iniziativa, che si terr\u00e0 in formato ibrido e <strong>sar\u00e0 trasmessa in streaming sul<a href=\"https:\/\/www.youtube.com\/user\/MinisteroEsteri\"> canale YouTube della Farnesina<\/a>,<\/strong> sar\u00e0 aperta dalla Vice Ministra Marina Sereni alla presenza del Segretario Generale, Amb. Ettore Sequi, e vedr\u00e0 la partecipazione della Direttrice Centrale per la Promozione della Lingua e Cultura Italiana, Min. Plen. Cecilia Piccioni. Essa mirer\u00e0 a mostrare come l&#8217;opera di Dante abbia ispirato i pi\u00f9 differenti settori, dalla creativit\u00e0 (Fondazione Alda Fendi &#8211; Esperimenti) allo sport (Divisione Calcio Femminile FIGC), all&#8217;imprenditoria (ENI), all&#8217;editoria per ragazzi (Disney)<\/p>\n<p>La XXI Settimana della Lingua Italiana nel Mondo, sotto l&#8217;Alto Patronato del Presidente della Repubblica, si svolger\u00e0 dal luned\u00ec 18 alla domenica 24 ottobre, con diverse iniziativi ed eventi in tutto il mondo.<\/p>\n<p>Come ogni anno, l&#8217;Accademia della Crusca ha predisposto un volume dedicato al tema della Settimana, &#8220;Dante, l&#8217;italiano&#8221;, che potr\u00e0 essere scaricato gratuitamente, nel periodo fra il 18 e il 24 ottobre, al seguente link: <a href=\"http:\/\/www.goware-apps.com\/dante-litaliano-giovanna-frosini-giuseppe-polimeni-cura\/\">http:\/\/www.goware-apps.com\/dante-litaliano-giovanna-frosini-giuseppe-polimeni-cura\/<\/a>\u00a0<\/p>\n","protected":false},"excerpt":{"rendered":"Il 14 ottobre avr\u00e0 luogo l\u2019evento di presentazione della XXI Settimana della Lingua Italiana nel Mondo (SLIM) alle 10, ora italiana, con il tema \u201cDante, l\u2019italiano\u201d. L&#8217;iniziativa, che si terr\u00e0 in formato ibrido e sar\u00e0 trasmessa in streaming sul canale YouTube della Farnesina, sar\u00e0 aperta dalla Vice Ministra Marina Sereni alla presenza del Segretario Generale, [&hellip;]","protected":false},"author":1,"featured_media":0,"comment_status":"","ping_status":"","sticky":false,"template":"","format":"standard","meta":{"footnotes":""},"tags":[],"class_list":["post-926","post","type-post","status-publish","format-standard","hentry"],"_links":{"self":[{"href":"https:\/\/consmardelplata.esteri.it\/it\/wp-json\/wp\/v2\/posts\/926","targetHints":{"allow":["GET"]}}],"collection":[{"href":"https:\/\/consmardelplata.esteri.it\/it\/wp-json\/wp\/v2\/posts"}],"about":[{"href":"https:\/\/consmardelplata.esteri.it\/it\/wp-json\/wp\/v2\/types\/post"}],"author":[{"embeddable":true,"href":"https:\/\/consmardelplata.esteri.it\/it\/wp-json\/wp\/v2\/users\/1"}],"replies":[{"embeddable":true,"href":"https:\/\/consmardelplata.esteri.it\/it\/wp-json\/wp\/v2\/comments?post=926"}],"version-history":[{"count":0,"href":"https:\/\/consmardelplata.esteri.it\/it\/wp-json\/wp\/v2\/posts\/926\/revisions"}],"wp:attachment":[{"href":"https:\/\/consmardelplata.esteri.it\/it\/wp-json\/wp\/v2\/media?parent=926"}],"wp:term":[{"taxonomy":"post_tag","embeddable":true,"href":"https:\/\/consmardelplata.esteri.it\/it\/wp-json\/wp\/v2\/tags?post=926"}],"curies":[{"name":"wp","href":"https:\/\/api.w.org\/{rel}","templated":true}]}}