{"id":961,"date":"2021-06-11T23:36:05","date_gmt":"2021-06-12T02:36:05","guid":{"rendered":"https:\/\/consmardelplata.esteri.it\/news\/dal_consolato\/2021\/06\/nuovo-portale-prenot-mi-avviso\/"},"modified":"2021-06-11T23:36:05","modified_gmt":"2021-06-12T02:36:05","slug":"nuovo-portale-prenot-mi-avviso","status":"publish","type":"post","link":"https:\/\/consmardelplata.esteri.it\/it\/news\/dal_consolato\/2021\/06\/nuovo-portale-prenot-mi-avviso\/","title":{"rendered":"Nuovo Portale Prenot@mi &#8211; Avviso all&#8217;utenza"},"content":{"rendered":"<p>A partire dal 14 giugno p.v. sar\u00e0 online un nuovo portale, Prenot@mi, disponibile all\u2019indirizzo https:\/\/prenotami.esteri.it, per la registrazione, la scelta del Consolato di residenza e la successiva prenotazione degli appuntamenti per i servizi consolari.<\/p>\n<p>Sar\u00e0 quindi possibile prenotare gli appuntamenti soltanto sul nuovo portale a decorrere dalla prima data disponibile fissata dalla Sede.<\/p>\n<p>Al fine di accedere alla nuova piattaforma ogni utente, incluso chi \u00e8 gi\u00e0 registrato su Prenota on line, dovr\u00e0 procedere ad una nuova registrazione e autenticazione del proprio profilo personale.<\/p>\n<p>Per garantire le esigenze di riservatezza e certificare l&#8217;identit\u00e0 dell\u2019utente in sede di registrazione verranno richiesti email (personale) e utenza telefonica cellulare (personale).<br \/>Tali utenze devono essere riconducibili esclusivamente al richiedente del servizio e non potranno essere utilizzate per effettuare altre registrazioni. Durante la registrazione il sistema invier\u00e0 un codice OTP ad una delle utenze dichiarate.<\/p>\n<p>La registrazione nel nuovo portale mediante utenze di terzi non riconducibili al richiedente il servizio, daranno luogo automaticamente al blocco dell\u2019utenza e all\u2019impossibilit\u00e0 di registrarsi nuovamente.<\/p>\n<p>Al momento il Portale Prenot@mi \u00e8 attivo solo per il servizio Passaporti. <strong>Non \u00e8 pi\u00f9 possibile richiedere un turno tramite email. Coloro i quali abbiano inviato una richiesta via email prima del 11 giugno non dovranno prenotarsi tramite il nuovo portale, perch\u00e9\u2019 verr\u00e0 loro assegnato un turno secondo l\u2019ordine di arrivo della domanda.<\/strong><\/p>\n<p>Con riferimento alla compilazione della domanda, si prega di inserire nel campo NOTE tutte le informazioni ritenute rilevanti (a titolo di esempio: ulteriori figli minori, data e luogo di nascita dell\u2019altro genitore).<\/p>\n<p>A breve verranno pubblicate ulteriori informazioni sui Servizi Cittadinanza e Figli Diretti. Gli appuntamenti gi\u00e0 prenotati nell\u2019attuale portale Prenota Online (POL) saranno in ogni caso mantenuti validi ed erogati.<\/p>\n","protected":false},"excerpt":{"rendered":"A partire dal 14 giugno p.v. sar\u00e0 online un nuovo portale, Prenot@mi, disponibile all\u2019indirizzo https:\/\/prenotami.esteri.it, per la registrazione, la scelta del Consolato di residenza e la successiva prenotazione degli appuntamenti per i servizi consolari. Sar\u00e0 quindi possibile prenotare gli appuntamenti soltanto sul nuovo portale a decorrere dalla prima data disponibile fissata dalla Sede. Al fine [&hellip;]","protected":false},"author":1,"featured_media":0,"comment_status":"","ping_status":"","sticky":false,"template":"","format":"standard","meta":{"footnotes":""},"tags":[],"class_list":["post-961","post","type-post","status-publish","format-standard","hentry"],"_links":{"self":[{"href":"https:\/\/consmardelplata.esteri.it\/it\/wp-json\/wp\/v2\/posts\/961","targetHints":{"allow":["GET"]}}],"collection":[{"href":"https:\/\/consmardelplata.esteri.it\/it\/wp-json\/wp\/v2\/posts"}],"about":[{"href":"https:\/\/consmardelplata.esteri.it\/it\/wp-json\/wp\/v2\/types\/post"}],"author":[{"embeddable":true,"href":"https:\/\/consmardelplata.esteri.it\/it\/wp-json\/wp\/v2\/users\/1"}],"replies":[{"embeddable":true,"href":"https:\/\/consmardelplata.esteri.it\/it\/wp-json\/wp\/v2\/comments?post=961"}],"version-history":[{"count":0,"href":"https:\/\/consmardelplata.esteri.it\/it\/wp-json\/wp\/v2\/posts\/961\/revisions"}],"wp:attachment":[{"href":"https:\/\/consmardelplata.esteri.it\/it\/wp-json\/wp\/v2\/media?parent=961"}],"wp:term":[{"taxonomy":"post_tag","embeddable":true,"href":"https:\/\/consmardelplata.esteri.it\/it\/wp-json\/wp\/v2\/tags?post=961"}],"curies":[{"name":"wp","href":"https:\/\/api.w.org\/{rel}","templated":true}]}}