{"id":982,"date":"2020-09-28T15:05:00","date_gmt":"2020-09-28T18:05:00","guid":{"rendered":"https:\/\/consmardelplata.esteri.it\/news\/dal_consolato\/2020\/09\/l-ambasciatore-giuseppe-manzo-insieme\/"},"modified":"2020-09-28T15:05:00","modified_gmt":"2020-09-28T18:05:00","slug":"l-ambasciatore-giuseppe-manzo-insieme","status":"publish","type":"post","link":"https:\/\/consmardelplata.esteri.it\/it\/news\/dal_consolato\/2020\/09\/l-ambasciatore-giuseppe-manzo-insieme\/","title":{"rendered":"L&#8217;Ambasciatore Giuseppe Manzo insieme a colleghi UE hanno lanciato il Team Europe in Argentina"},"content":{"rendered":"<p style=\"text-align: justify;\">Coronavirus: <strong>&#8216;Team Europe&#8217;<\/strong>, impegno UE per l&#8217;Argentina &#8211; Amb. Giuseppe Manzo, &#8216;Italia interviene con programma Prosepu&#8217;<\/p>\n<p style=\"text-align: justify;\">(ANSA) &#8211; BUENOS AIRES, 25 SET &#8211; Gli ambasciatori di vari Paesi europei, fra cui l&#8217;italiano Giuseppe Manzo, hanno partecipato oggi a Buenos Aires ad una conferenza virtuale per fare il punto sull&#8217;attivit\u00e0 in Argentina del &#8216;Team Europe&#8217;, programma lanciato dall&#8217;Unione europea per il contrasto del coronavirus.<\/p>\n<p style=\"text-align: justify;\">Introducendo i lavori, l&#8217;ambasciatrice comunitaria nella capitale argentina, Aude Maio-Coliche, ha sottolineato che &#8220;&#8216;Team Europe&#8217; \u00e8 un gran progetto diventato ormai realt\u00e0&#8221;, ed ha sottolineato che esso &#8220;si propone di incidere, con una risposta multilaterale e solidale, per minimizzare le conseguenze della pandemia, sia dal punto di vista sanitario, sia socio-economico&#8221;. In Argentina, ha aggiunto, &#8220;abbiamo avviato molteplici azioni in diverse province, mettendo in relazione persone con poteri decisionali ed esperti delle due parti&#8221;, e con la convinzione che &#8220;di fronte alle proporzioni della pandemia, nessuno avrebbe potuto superare questa enorme sfida in modo isolato&#8221;. Ad esempio l&#8217;11 settembre scorso, ha concluso, &#8220;ci siamo riuniti con i funzionari di otto ministeri argentini, riassumendo gli interventi in atto e in divenire, per i quali ci appoggiamo alle diverse organizzazioni dell&#8217;Onu e alla Croce Rossa&#8221;.<\/p>\n<p style=\"text-align: justify;\">Da parte sua l&#8217;ambasciatore Manzo ha voluto ricordare, come notizia di attualit\u00e0, gli elogi odierni dell&#8217;Organizzazione mondiale della sanit\u00e0 all&#8217;Italia per la &#8220;sua capacit\u00e0 di reazione energica che \u00e8 riuscita a cambiare la traiettoria della pandemia con misure basate sulla scienza&#8221;. La filosofia del rapporto fra Italia e Argentina in questo campo, ha sottolineato, \u00e8 stata di &#8220;aiutare, e nello stesso tempo condividere esperienze&#8221;. L&#8217;ambasciatore ha quindi illustrato il programma pi\u00f9 importante in via di sviluppo, il Prosepu. &#8220;Si tratta &#8211; ha spiegato &#8211; di un progetto avviato dalla cooperazione italiana che prevede un credito molto agevolato per il ministero della Sanit\u00e0 argentino per comprare attrezzature ospedaliere&#8221;. &#8220;Coinvolge &#8211; ha concluso &#8211; 16 ospedali di cinque province, e riguarda per lo pi\u00f9 apparecchiature specialistiche prodotte in Italia&#8221;. (ANSA).<\/p>\n<p style=\"text-align: justify;\">\u00a0<\/p>\n<p style=\"text-align: justify;\"><strong>Rassegna stampa<\/strong>:<\/p>\n<p>25\/09\/2020 &#8211; <a href=\"https:\/\/www.lanacion.com.ar\/el-mundo\/coronavirus-ue-presento-plan-paliar-efectos-del-nid2461123\" target=\"_self\" rel=\"noopener\">LA NACI\u00d3N<\/a><\/p>\n<p>25\/09\/2020 &#8211; <a href=\"https:\/\/cablera.telam.com.ar\/cable\/988292\/la-ue-lanza-en-argentina-la-iniciativa-team-europe-para-luchar-contra-la-crisis-del-coronavirus\" target=\"_blank\" rel=\"noopener\">TELAM<\/a><\/p>\n<p>25\/09\/2020 &#8211; <a href=\"https:\/\/www.infobae.com\/teleshow\/858edb7e-8223-4576-a33b-bdad8ffe2cff_video.html\" target=\"_blank\" rel=\"noopener\">INFOBAE<\/a><\/p>\n<p>25\/09\/2020 &#8211; <a href=\"https:\/\/www.agenzianova.com\/a\/0\/3116384\/2020-09-25\/italia-argentina-covid-19-illustrati-principali-assi-cooperazione-del-programma-team-europe-2\/linked\" target=\"_blank\" rel=\"noopener\">AGENZIA NOVA<\/a><\/p>\n<p>25\/09\/2020 &#8211; <a href=\"http:\/\/www.ansalatina.com\/americalatina\/noticia\/argentina\/2020\/09\/25\/team-europe-asistencia-para-argentina_95bb8510-7561-4a48-ba32-9d493cca17fb.html\" target=\"_blank\" rel=\"noopener\">ANSA LATINA<\/a><\/p>\n<p>25\/09\/2020 &#8211; <a href=\"https:\/\/www.ellitoral.com\/index.php\/id_um\/260424-la-ue-lanza-en-argentina-la-iniciativa-team-europe-para-luchar-contra-la-crisis-del-coronavirus-delegacion-de-la-union-europea-informacion-general.html\" target=\"_blank\" rel=\"noopener\">EL LITORAL<\/a><\/p>\n<p>25\/09\/2020 &#8211; <a href=\"https:\/\/www.lavoz.com.ar\/ciudadanos\/ue-se-sumo-a-lucha-contra-coronavirus-en-argentina-y-advirtio-que-pospandemia-todavia-no-\" target=\"_blank\" rel=\"noopener\">LA VOZ<\/a><\/p>\n<p>25\/09\/2020 &#8211; <a href=\"https:\/\/www.impulsonegocios.com\/la-ue-lanza-en-argentina-una-iniciativa-solidaria-para-luchar-contra-la-crisis-del-covid-19\/\" target=\"_blank\" rel=\"noopener\">IMPULSONEGOCIOS<\/a><\/p>\n<p>25\/09\/2020 &#8211; <a href=\"https:\/\/www.losandes.com.ar\/politica\/la-ue-se-sumo-a-la-lucha-contra-el-coronavirus-en-la-argentina-y-advirtio-que-la-pospandemia-todavia-no-existe\/\" target=\"_blank\" rel=\"noopener\">LOS ANDES<\/a><\/p>\n<p>\u00a0<\/p>\n<p><img loading=\"lazy\" decoding=\"async\" src=\"resource\/img\/2020\/09\/team_europe2.jpg\" alt=\"team europe2\" width=\"800\" height=\"450\" \/><\/p>\n<p>\u00a0<\/p>\n<p>\u00a0<\/p>\n","protected":false},"excerpt":{"rendered":"Coronavirus: &#8216;Team Europe&#8217;, impegno UE per l&#8217;Argentina &#8211; Amb. Giuseppe Manzo, &#8216;Italia interviene con programma Prosepu&#8217; (ANSA) &#8211; BUENOS AIRES, 25 SET &#8211; Gli ambasciatori di vari Paesi europei, fra cui l&#8217;italiano Giuseppe Manzo, hanno partecipato oggi a Buenos Aires ad una conferenza virtuale per fare il punto sull&#8217;attivit\u00e0 in Argentina del &#8216;Team Europe&#8217;, programma [&hellip;]","protected":false},"author":1,"featured_media":0,"comment_status":"","ping_status":"","sticky":false,"template":"","format":"standard","meta":{"footnotes":""},"tags":[],"class_list":["post-982","post","type-post","status-publish","format-standard","hentry"],"_links":{"self":[{"href":"https:\/\/consmardelplata.esteri.it\/it\/wp-json\/wp\/v2\/posts\/982","targetHints":{"allow":["GET"]}}],"collection":[{"href":"https:\/\/consmardelplata.esteri.it\/it\/wp-json\/wp\/v2\/posts"}],"about":[{"href":"https:\/\/consmardelplata.esteri.it\/it\/wp-json\/wp\/v2\/types\/post"}],"author":[{"embeddable":true,"href":"https:\/\/consmardelplata.esteri.it\/it\/wp-json\/wp\/v2\/users\/1"}],"replies":[{"embeddable":true,"href":"https:\/\/consmardelplata.esteri.it\/it\/wp-json\/wp\/v2\/comments?post=982"}],"version-history":[{"count":0,"href":"https:\/\/consmardelplata.esteri.it\/it\/wp-json\/wp\/v2\/posts\/982\/revisions"}],"wp:attachment":[{"href":"https:\/\/consmardelplata.esteri.it\/it\/wp-json\/wp\/v2\/media?parent=982"}],"wp:term":[{"taxonomy":"post_tag","embeddable":true,"href":"https:\/\/consmardelplata.esteri.it\/it\/wp-json\/wp\/v2\/tags?post=982"}],"curies":[{"name":"wp","href":"https:\/\/api.w.org\/{rel}","templated":true}]}}